{"id":3,"name":"Izabela Wi\u015bniewska","url":"","description":"","link":"https:\/\/politykipubliczne.pl\/en\/author\/izawis\/","slug":"izawis","avatar_urls":{"24":"https:\/\/secure.gravatar.com\/avatar\/ab981d6a7d81ecf7c694c19e5b266b4f?s=24&d=mm&r=g","48":"https:\/\/secure.gravatar.com\/avatar\/ab981d6a7d81ecf7c694c19e5b266b4f?s=48&d=mm&r=g","96":"https:\/\/secure.gravatar.com\/avatar\/ab981d6a7d81ecf7c694c19e5b266b4f?s=96&d=mm&r=g"},"meta":[],"acf":[],"yoast_head":"<!-- This site is optimized with the Yoast SEO plugin v23.5 - https:\/\/yoast.com\/wordpress\/plugins\/seo\/ -->\n<title>Izabela Wi\u015bniewska, Autor w serwisie Centrum Polityk Publicznych UEK<\/title>\n<meta name=\"robots\" content=\"index, follow, max-snippet:-1, max-image-preview:large, max-video-preview:-1\" \/>\n<link rel=\"canonical\" href=\"https:\/\/politykipubliczne.pl\/en\/author\/izawis\/\" \/>\n<meta property=\"og:locale\" content=\"en_GB\" \/>\n<meta property=\"og:type\" content=\"profile\" \/>\n<meta property=\"og:title\" content=\"Izabela Wi\u015bniewska, Autor w serwisie Centrum Polityk Publicznych UEK\" \/>\n<meta property=\"og:url\" content=\"https:\/\/politykipubliczne.pl\/en\/author\/izawis\/\" \/>\n<meta property=\"og:site_name\" content=\"Centrum Polityk Publicznych UEK\" \/>\n<meta property=\"og:image\" content=\"https:\/\/secure.gravatar.com\/avatar\/ab981d6a7d81ecf7c694c19e5b266b4f?s=500&d=mm&r=g\" \/>\n<meta name=\"twitter:card\" content=\"summary_large_image\" \/>\n<meta name=\"twitter:site\" content=\"@cppuek\" \/>\n<script type=\"application\/ld+json\" class=\"yoast-schema-graph\">{\"@context\":\"https:\/\/schema.org\",\"@graph\":[{\"@type\":\"ProfilePage\",\"@id\":\"https:\/\/politykipubliczne.pl\/author\/izawis\/\",\"url\":\"https:\/\/politykipubliczne.pl\/author\/izawis\/\",\"name\":\"Izabela Wi\u015bniewska, Autor w serwisie Centrum Polityk Publicznych UEK\",\"isPartOf\":{\"@id\":\"https:\/\/politykipubliczne.pl\/#website\"},\"breadcrumb\":{\"@id\":\"https:\/\/politykipubliczne.pl\/author\/izawis\/#breadcrumb\"},\"inLanguage\":\"en-GB\",\"potentialAction\":[{\"@type\":\"ReadAction\",\"target\":[\"https:\/\/politykipubliczne.pl\/author\/izawis\/\"]}]},{\"@type\":\"BreadcrumbList\",\"@id\":\"https:\/\/politykipubliczne.pl\/author\/izawis\/#breadcrumb\",\"itemListElement\":[{\"@type\":\"ListItem\",\"position\":1,\"name\":\"Strona g\u0142\u00f3wna\",\"item\":\"https:\/\/politykipubliczne.pl\/\"},{\"@type\":\"ListItem\",\"position\":2,\"name\":\"Archiwum dla Izabela Wi\u015bniewska\"}]},{\"@type\":\"WebSite\",\"@id\":\"https:\/\/politykipubliczne.pl\/#website\",\"url\":\"https:\/\/politykipubliczne.pl\/\",\"name\":\"Centrum Polityk Publicznych UEK\",\"description\":\"Centrum Polityk Publicznych (CPP) jest akademickim o\u015brodkiem bada\u0144 podejmuj\u0105cym kluczowe problemy administracji publicznej, gospodarki publicznej oraz zarz\u0105dzania publicznego.\",\"publisher\":{\"@id\":\"https:\/\/politykipubliczne.pl\/#organization\"},\"potentialAction\":[{\"@type\":\"SearchAction\",\"target\":{\"@type\":\"EntryPoint\",\"urlTemplate\":\"https:\/\/politykipubliczne.pl\/?s={search_term_string}\"},\"query-input\":{\"@type\":\"PropertyValueSpecification\",\"valueRequired\":true,\"valueName\":\"search_term_string\"}}],\"inLanguage\":\"en-GB\"},{\"@type\":\"Organization\",\"@id\":\"https:\/\/politykipubliczne.pl\/#organization\",\"name\":\"Centrum Polityk Publicznych UEK\",\"url\":\"https:\/\/politykipubliczne.pl\/\",\"logo\":{\"@type\":\"ImageObject\",\"inLanguage\":\"en-GB\",\"@id\":\"https:\/\/politykipubliczne.pl\/#\/schema\/logo\/image\/\",\"url\":\"https:\/\/politykipubliczne.pl\/wp-content\/uploads\/2020\/10\/CPP_ikona_2.png\",\"contentUrl\":\"https:\/\/politykipubliczne.pl\/wp-content\/uploads\/2020\/10\/CPP_ikona_2.png\",\"width\":512,\"height\":512,\"caption\":\"Centrum Polityk Publicznych UEK\"},\"image\":{\"@id\":\"https:\/\/politykipubliczne.pl\/#\/schema\/logo\/image\/\"},\"sameAs\":[\"https:\/\/www.facebook.com\/CPPUEK\",\"https:\/\/x.com\/cppuek\",\"https:\/\/pl.wikipedia.org\/wiki\/Centrum_Polityk_Publicznych_Uniwersytetu_Ekonomicznego_w_Krakowie_(CPP_UEK)\"]},{\"@type\":\"Person\",\"@id\":\"https:\/\/politykipubliczne.pl\/#\/schema\/person\/dc099c605f0afa50c288eb2fa3e17f03\",\"name\":\"Izabela Wi\u015bniewska\",\"image\":{\"@type\":\"ImageObject\",\"inLanguage\":\"en-GB\",\"@id\":\"https:\/\/politykipubliczne.pl\/#\/schema\/person\/image\/\",\"url\":\"https:\/\/secure.gravatar.com\/avatar\/ab981d6a7d81ecf7c694c19e5b266b4f?s=96&d=mm&r=g\",\"contentUrl\":\"https:\/\/secure.gravatar.com\/avatar\/ab981d6a7d81ecf7c694c19e5b266b4f?s=96&d=mm&r=g\",\"caption\":\"Izabela Wi\u015bniewska\"},\"mainEntityOfPage\":{\"@id\":\"https:\/\/politykipubliczne.pl\/author\/izawis\/\"}}]}<\/script>\n<!-- \/ Yoast SEO plugin. -->","yoast_head_json":{"title":"Izabela Wi\u015bniewska, Autor w serwisie Centrum Polityk Publicznych UEK","robots":{"index":"index","follow":"follow","max-snippet":"max-snippet:-1","max-image-preview":"max-image-preview:large","max-video-preview":"max-video-preview:-1"},"canonical":"https:\/\/politykipubliczne.pl\/en\/author\/izawis\/","og_locale":"en_GB","og_type":"profile","og_title":"Izabela Wi\u015bniewska, Autor w serwisie Centrum Polityk Publicznych UEK","og_url":"https:\/\/politykipubliczne.pl\/en\/author\/izawis\/","og_site_name":"Centrum Polityk Publicznych UEK","og_image":[{"url":"https:\/\/secure.gravatar.com\/avatar\/ab981d6a7d81ecf7c694c19e5b266b4f?s=500&d=mm&r=g"}],"twitter_card":"summary_large_image","twitter_site":"@cppuek","schema":{"@context":"https:\/\/schema.org","@graph":[{"@type":"ProfilePage","@id":"https:\/\/politykipubliczne.pl\/author\/izawis\/","url":"https:\/\/politykipubliczne.pl\/author\/izawis\/","name":"Izabela Wi\u015bniewska, Autor w serwisie Centrum Polityk Publicznych UEK","isPartOf":{"@id":"https:\/\/politykipubliczne.pl\/#website"},"breadcrumb":{"@id":"https:\/\/politykipubliczne.pl\/author\/izawis\/#breadcrumb"},"inLanguage":"en-GB","potentialAction":[{"@type":"ReadAction","target":["https:\/\/politykipubliczne.pl\/author\/izawis\/"]}]},{"@type":"BreadcrumbList","@id":"https:\/\/politykipubliczne.pl\/author\/izawis\/#breadcrumb","itemListElement":[{"@type":"ListItem","position":1,"name":"Strona g\u0142\u00f3wna","item":"https:\/\/politykipubliczne.pl\/"},{"@type":"ListItem","position":2,"name":"Archiwum dla Izabela Wi\u015bniewska"}]},{"@type":"WebSite","@id":"https:\/\/politykipubliczne.pl\/#website","url":"https:\/\/politykipubliczne.pl\/","name":"Centrum Polityk Publicznych UEK","description":"Centrum Polityk Publicznych (CPP) jest akademickim o\u015brodkiem bada\u0144 podejmuj\u0105cym kluczowe problemy administracji publicznej, gospodarki publicznej oraz zarz\u0105dzania publicznego.","publisher":{"@id":"https:\/\/politykipubliczne.pl\/#organization"},"potentialAction":[{"@type":"SearchAction","target":{"@type":"EntryPoint","urlTemplate":"https:\/\/politykipubliczne.pl\/?s={search_term_string}"},"query-input":{"@type":"PropertyValueSpecification","valueRequired":true,"valueName":"search_term_string"}}],"inLanguage":"en-GB"},{"@type":"Organization","@id":"https:\/\/politykipubliczne.pl\/#organization","name":"Centrum Polityk Publicznych UEK","url":"https:\/\/politykipubliczne.pl\/","logo":{"@type":"ImageObject","inLanguage":"en-GB","@id":"https:\/\/politykipubliczne.pl\/#\/schema\/logo\/image\/","url":"https:\/\/politykipubliczne.pl\/wp-content\/uploads\/2020\/10\/CPP_ikona_2.png","contentUrl":"https:\/\/politykipubliczne.pl\/wp-content\/uploads\/2020\/10\/CPP_ikona_2.png","width":512,"height":512,"caption":"Centrum Polityk Publicznych UEK"},"image":{"@id":"https:\/\/politykipubliczne.pl\/#\/schema\/logo\/image\/"},"sameAs":["https:\/\/www.facebook.com\/CPPUEK","https:\/\/x.com\/cppuek","https:\/\/pl.wikipedia.org\/wiki\/Centrum_Polityk_Publicznych_Uniwersytetu_Ekonomicznego_w_Krakowie_(CPP_UEK)"]},{"@type":"Person","@id":"https:\/\/politykipubliczne.pl\/#\/schema\/person\/dc099c605f0afa50c288eb2fa3e17f03","name":"Izabela Wi\u015bniewska","image":{"@type":"ImageObject","inLanguage":"en-GB","@id":"https:\/\/politykipubliczne.pl\/#\/schema\/person\/image\/","url":"https:\/\/secure.gravatar.com\/avatar\/ab981d6a7d81ecf7c694c19e5b266b4f?s=96&d=mm&r=g","contentUrl":"https:\/\/secure.gravatar.com\/avatar\/ab981d6a7d81ecf7c694c19e5b266b4f?s=96&d=mm&r=g","caption":"Izabela Wi\u015bniewska"},"mainEntityOfPage":{"@id":"https:\/\/politykipubliczne.pl\/author\/izawis\/"}}]}},"_links":{"self":[{"href":"https:\/\/politykipubliczne.pl\/en\/wp-json\/wp\/v2\/users\/3"}],"collection":[{"href":"https:\/\/politykipubliczne.pl\/en\/wp-json\/wp\/v2\/users"}]}}