{"id":932,"date":"2021-03-23T09:30:20","date_gmt":"2021-03-23T08:30:20","guid":{"rendered":"https:\/\/politykipubliczne.pl\/?p=932"},"modified":"2021-08-13T11:49:54","modified_gmt":"2021-08-13T09:49:54","slug":"nikt-nie-zlapie-mnie-za-reke-problem-lesnych-wysypisk-smieci-zapowiedz-raportu","status":"publish","type":"post","link":"https:\/\/politykipubliczne.pl\/en\/nikt-nie-zlapie-mnie-za-reke-problem-lesnych-wysypisk-smieci-zapowiedz-raportu\/","title":{"rendered":"\u201eNikt nie z\u0142apie mnie za r\u0119k\u0119\u201d. Problem le\u015bnych wysypisk \u015bmieci. Zapowied\u017a raportu"},"content":{"rendered":"<p><strong>Nowy, jednolity system segregowania odpad\u00f3w, kt\u00f3ry obowi\u0105zuje od 2017 r. mia\u0142 sprawi\u0107, \u017ce nikomu nie b\u0119dzie si\u0119 op\u0142aca\u0142o wyrzuca\u0107 \u015bmieci na dzikie wysypiska<\/strong><a href=\"#_ftn1\" name=\"_ftnref1\">[1]<\/a><strong>. Niestety, ka\u017cdego tygodnia do medi\u00f3w trafia informacja o nowych dzikich wysypiskach \u015bmieci w lasach. Nie jest to kwestia wy\u0142\u0105cznie subiektywnego odbioru zjawiska przez media i opini\u0119 publiczn\u0105. R\u00f3wnie\u017c zobiektywizowane dane sugeruj\u0105, \u017ce problem eskaluje.<\/strong><\/p>\n<p>Koszty usuwania dzikich wysypisk ponoszone przez Lasy Pa\u0144stwowe rosn\u0105 od dekady: w 2010 r. wydano oko\u0142o 10 mln. z\u0142 a w 2019 \u2013 prawie 20 mln. z\u0142. Co roku z las\u00f3w usuwa si\u0119 ponad 100 tys. m<sup>3 <\/sup>\u015bmieci<a href=\"#_ftn2\" name=\"_ftnref2\">[2]<\/a>. Dlaczego mimo funkcjonowania og\u00f3lnokrajowego systemu segregacji i odbioru, wielu kampanii spo\u0142ecznych i wzrastaj\u0105cej \u015bwiadomo\u015bci ekologicznej ludzie wci\u0105\u017c wyrzucaj\u0105 swoje \u015bmieci do lasu?<\/p>\n<p><a href=\"#_ftnref1\" name=\"_ftn1\"><\/a><\/p>\n<p><strong>System nie tak skuteczny?<\/strong><\/p>\n<p>Ca\u0142a Polska zosta\u0142a obj\u0119ta jednolitym systemem segregowania i odbioru odpad\u00f3w po to, \u017ceby le\u015bne wysypiska przesta\u0142y by\u0107 jak\u0105kolwiek alternatyw\u0105, a nowe taryfy op\u0142at \u015bmieciowych mia\u0142y ostatecznie zniech\u0119ca\u0107 do pozbywania si\u0119 zb\u0119dnych rzeczy \u201ena dziko\u201d. Je\u015bli nie pom\u00f3g\u0142 powszechny system i wzrost op\u0142at to co sprawi, \u017ce ludzie zaczn\u0105 dba\u0107 o porz\u0105dek w lasach?<\/p>\n<p>Pytania zwi\u0105zane ze zjawiskiem nielegalnego sk\u0142adowania \u015bmieci w lasach, eksperci CPP UEK skierowali do le\u015bnik\u00f3w. Metod\u0105 ankiety telefonicznej przebadana zosta\u0142a reprezentatywna pr\u00f3ba 400 pracownik\u00f3w terenowych S\u0142u\u017cby Le\u015bnej ze wszystkich polskich wojew\u00f3dztw. Zapytano ich o ocen\u0119 skali problemu oraz zachowa\u0144 towarzysz\u0105cych czynno\u015bci za\u015bmiecania las\u00f3w.<\/p>\n<blockquote>\n<p style=\"text-align: left;\">Interesowa\u0142a nas nie tylko charakterystyka i opis postaw os\u00f3b za\u015bmiecaj\u0105cych lasy, ale tak\u017ce postawy i zachowania \u015bwiadk\u00f3w za\u015bmiecania. Zawarte w raporcie innowacyjne podej\u015bcie do problemu le\u015bnych wysypisk polega na pr\u00f3bie uj\u0119cia spo\u0142ecznego kontekstu za\u015bmiecania. Zainteresowali\u015bmy si\u0119 wi\u0119c nie tylko sam\u0105 czynno\u015bci\u0105 i jej skal\u0105, ale r\u00f3wnie\u017c reakcjami innych ludzi na to zjawisko.<\/p>\n<\/blockquote>\n<p>\u2013 m\u00f3wi Tomasz Kwarci\u0144ski, jeden z autor\u00f3w przygotowywanego dla Centrum Polityk Publicznych UEK raportu.<\/p>\n<p><strong>Las jako wsp\u00f3lne dobro<\/strong><\/p>\n<p>Z przeprowadzonych bada\u0144 wynika, \u017ce ankietowani le\u015bnicy zwracali uwag\u0119 na istotno\u015b\u0107 reakcji \u015bwiadk\u00f3w za\u015bmiecania i osadzenie procederu w kontek\u015bcie lokalnej spo\u0142eczno\u015bci \u2013 zw\u0142aszcza troski cz\u0142onk\u00f3w lokalnej spo\u0142eczno\u015bci o porz\u0105dek w lasach. Troska ta wyra\u017ca si\u0119 gotowo\u015bci\u0105 do aktywnego reagowania na za\u015bmiecanie w postaci s\u0142ownej reprymendy, pr\u00f3by perswazji, zg\u0142aszania problemu lokalnym s\u0142u\u017cbom. Osoby za\u015bmiecaj\u0105ce poszukuj\u0105 wi\u0119c odosobnienia i anonimowo\u015bci, \u017ceby nie nara\u017ca\u0107 si\u0119 na nieprzyjemno\u015bci i kary. Wi\u0119kszo\u015b\u0107 le\u015bnik\u00f3w jest zdania, i\u017c osoby, kt\u00f3re s\u0105 \u015bwiadkami wyrzucania \u015bmieci przez innych postaraj\u0105 si\u0119 temu przeciwdzia\u0142a\u0107 (Tabela 1).<\/p>\n<p><img loading=\"lazy\" decoding=\"async\" class=\"alignnone size-full wp-image-943\" src=\"https:\/\/politykipubliczne.pl\/wp-content\/uploads\/2021\/03\/Tabela-1.jpg\" alt=\"Tabela 1\" width=\"992\" height=\"355\" srcset=\"https:\/\/politykipubliczne.pl\/wp-content\/uploads\/2021\/03\/Tabela-1.jpg 992w, https:\/\/politykipubliczne.pl\/wp-content\/uploads\/2021\/03\/Tabela-1-300x107.jpg 300w, https:\/\/politykipubliczne.pl\/wp-content\/uploads\/2021\/03\/Tabela-1-768x275.jpg 768w, https:\/\/politykipubliczne.pl\/wp-content\/uploads\/2021\/03\/Tabela-1-16x6.jpg 16w\" sizes=\"(max-width: 992px) 100vw, 992px\" \/><\/p>\n<p>Niemal 60% le\u015bnik\u00f3w jest przekonanych, \u017ce osoby, kt\u00f3re widz\u0105, \u017ce kto\u015b wyrzuca \u015bmieci w lesie nie pozostan\u0105 oboj\u0119tne (Wykres 1). Opinia ta nie jest jednak r\u00f3wnie powszechna w\u015br\u00f3d respondent\u00f3w z poszczeg\u00f3lnych wojew\u00f3dztw. Jak pokazuje Wykres 2. odpowied\u017a \u201eZdecydowanie tak\u201d mia\u0142a najwi\u0119cej wskaza\u0144 w\u015br\u00f3d le\u015bnik\u00f3w z wojew\u00f3dztw \u015bl\u0105skiego i dolno\u015bl\u0105skiego, natomiast odpowied\u017a \u201eZdecydowanie nie\u201d najcz\u0119\u015bciej wskazywano w wojew\u00f3dztwach zachodniopomorskim i opolskim. Ten wynik mo\u017cna interpretowa\u0107 jako sugesti\u0119 lokalnego zr\u00f3\u017cnicowania problemu i reakcji na ten problem.<\/p>\n<p><img loading=\"lazy\" decoding=\"async\" class=\"alignnone size-full wp-image-944\" src=\"https:\/\/politykipubliczne.pl\/wp-content\/uploads\/2021\/03\/Wykres1.jpg\" alt=\"Wykres 1\" width=\"951\" height=\"587\" srcset=\"https:\/\/politykipubliczne.pl\/wp-content\/uploads\/2021\/03\/Wykres1.jpg 951w, https:\/\/politykipubliczne.pl\/wp-content\/uploads\/2021\/03\/Wykres1-300x185.jpg 300w, https:\/\/politykipubliczne.pl\/wp-content\/uploads\/2021\/03\/Wykres1-768x474.jpg 768w, https:\/\/politykipubliczne.pl\/wp-content\/uploads\/2021\/03\/Wykres1-16x10.jpg 16w\" sizes=\"(max-width: 951px) 100vw, 951px\" \/><\/p>\n<p><img loading=\"lazy\" decoding=\"async\" class=\"alignnone size-full wp-image-945\" src=\"https:\/\/politykipubliczne.pl\/wp-content\/uploads\/2021\/03\/Wykres2.jpg\" alt=\"Wykres 2\" width=\"952\" height=\"680\" srcset=\"https:\/\/politykipubliczne.pl\/wp-content\/uploads\/2021\/03\/Wykres2.jpg 952w, https:\/\/politykipubliczne.pl\/wp-content\/uploads\/2021\/03\/Wykres2-300x214.jpg 300w, https:\/\/politykipubliczne.pl\/wp-content\/uploads\/2021\/03\/Wykres2-768x549.jpg 768w, https:\/\/politykipubliczne.pl\/wp-content\/uploads\/2021\/03\/Wykres2-16x12.jpg 16w\" sizes=\"(max-width: 952px) 100vw, 952px\" \/><\/p>\n<p>Zapytano r\u00f3wnie\u017c respondent\u00f3w jakich konkretnie dzia\u0142a\u0144 mo\u017cna si\u0119 spodziewa\u0107 ze strony \u015bwiadk\u00f3w wyrzucania \u015bmieci w lesie. Do dyspozycji respondent\u00f3w by\u0142o pytanie cz\u0119\u015bciowo otwarte. Respondenci mogli zaznaczy\u0107 odpowied\u017a z listy ale r\u00f3wnie\u017c wpisa\u0107 w\u0142asne odpowiedzi dotycz\u0105ce spodziewanych zachowa\u0144 \u015bwiadk\u00f3w za\u015bmiecania. Rozk\u0142ad odpowiedzi z listy przedstawia Wykres 3. Najcz\u0119\u015bciej spodziewano si\u0119, \u017ce osoba b\u0119d\u0105ca \u015bwiadkiem za\u015bmiecenia lasu powiadomi so\u0142tysa lub le\u015bniczego b\u0105d\u017a te\u017c upomni osob\u0119 za\u015bmiecaj\u0105c\u0105. Jako trzeci\u0105 mo\u017cliwo\u015b\u0107 wskazano najcz\u0119\u015bciej plotki na temat os\u00f3b za\u015bmiecaj\u0105cych. Podobn\u0105 liczb\u0119 wskaza\u0144 uzyska\u0142a opcja \u201ezg\u0142oszenie na policj\u0119\u201d. Jako najmniej prawdopodobna zosta\u0142a oceniona pr\u00f3ba si\u0142owej interwencji (Wykres 3).<\/p>\n<p><img loading=\"lazy\" decoding=\"async\" class=\"alignnone size-full wp-image-947\" src=\"https:\/\/politykipubliczne.pl\/wp-content\/uploads\/2021\/03\/Wykres3-1.jpg\" alt=\"wykres 3\" width=\"922\" height=\"582\" srcset=\"https:\/\/politykipubliczne.pl\/wp-content\/uploads\/2021\/03\/Wykres3-1.jpg 922w, https:\/\/politykipubliczne.pl\/wp-content\/uploads\/2021\/03\/Wykres3-1-300x189.jpg 300w, https:\/\/politykipubliczne.pl\/wp-content\/uploads\/2021\/03\/Wykres3-1-768x485.jpg 768w, https:\/\/politykipubliczne.pl\/wp-content\/uploads\/2021\/03\/Wykres3-1-16x10.jpg 16w\" sizes=\"(max-width: 922px) 100vw, 922px\" \/><\/p>\n<p><strong>Co powiedz\u0105 o nas nasze \u015bmieci?<\/strong><\/p>\n<p>Podczas pierwszej fali pandemii w 2020 r. jednym z najbardziej dotkliwych i kontrowersyjnych zarz\u0105dze\u0144 by\u0142 zakaz wst\u0119pu do las\u00f3w. Si\u0142a spo\u0142ecznej reakcji na ten zakaz pokazuje, \u017ce dla wielu Polak\u00f3w lasy s\u0105 czym\u015b wa\u017cnym i cennym. Cho\u0107 to dopiero wst\u0119pne wyniki bada\u0144 wskazywa\u0107 jednak mog\u0105 na jeden ze sposob\u00f3w zmniejszenie problem\u00f3w za\u015bmiecania las\u00f3w. Jest nim nak\u0142onienie ludzi do wi\u0119kszej aktywno\u015bci (wci\u0105\u017c 40% le\u015bnik\u00f3w uzna\u0142o, \u017ce \u015bwiadkowie zanieczyszczania lasu raczej lub zdecydowanie nie podj\u0119\u0142oby \u017cadnego dzia\u0142ania) i umo\u017cliwienie tym, kt\u00f3rzy ju\u017c s\u0105 aktywni podejmowania skutecznych interwencji wobec ludzi za\u015bmiecaj\u0105cych lasy. Uruchomienie lokalnych zasob\u00f3w spo\u0142ecznych w celu wzmocnienia poczucia odpowiedzialno\u015bci za las jako wsp\u00f3lne dobro mog\u0142oby stanowi\u0107 istotne wsparcie dla ju\u017c istniej\u0105cych instytucji, takich jak pracownicy S\u0142u\u017cby Le\u015bnej, lokalni liderzy (so\u0142tysi i przedstawiciele samorz\u0105d\u00f3w), stra\u017c gminna lub policja.<\/p>\n<p>&nbsp;<\/p>\n<p>Celem przedmiotowej ekspertyzy jest analiza czynnik\u00f3w powi\u0105zanych z systemem segregacji odpad\u00f3w, ale znajduj\u0105cych si\u0119 poza nim, np. w otoczeniu spo\u0142ecznym, przekonaniach czy postawach os\u00f3b za\u015bmiecaj\u0105cych lasy.<\/p>\n<p>Szczeg\u00f3\u0142owa analiza i rekomendacje zostan\u0105 przedstawione w ca\u0142o\u015bciowym raporcie z bada\u0144, kt\u00f3rego publikacja zosta\u0142a zaplanowana na prze\u0142om maja i czerwca 2021 r.<\/p>\n<p style=\"text-align: center;\">***<\/p>\n<p><strong>Autorzy:<\/strong><br \/>\nKatarzyna Kwarci\u0144ska, Tomasz Kwarci\u0144ski, Pawe\u0142 Ulman<\/p>\n<p>&nbsp;<\/p>\n<hr \/>\n<p><a href=\"#_ftnref1\" name=\"_ftn1\">[1]<\/a> <a href=\"https:\/\/naszesmieci.mos.gov.pl\/pytania-i-odpowiedzi\/system-zarzadzania-odpadami\">https:\/\/naszesmieci.mos.gov.pl\/pytania-i-odpowiedzi\/system-zarzadzania-odpadami<\/a><\/p>\n<p><a href=\"#_ftnref2\" name=\"_ftn2\">[2]<\/a> Rocznik Statystyki Le\u015bnictwa 2020, GUS, Warszawa 2020, s. 157.<\/p>\n","protected":false},"excerpt":{"rendered":"<p>Nowy, jednolity system segregowania odpad\u00f3w, kt\u00f3ry obowi\u0105zuje od 2017 r. mia\u0142 sprawi\u0107, \u017ce nikomu nie b\u0119dzie si\u0119 op\u0142aca\u0142o wyrzuca\u0107 \u015bmieci na dzikie wysypiska[1]. Niestety, ka\u017cdego tygodnia do medi\u00f3w trafia informacja o nowych dzikich wysypiskach \u015bmieci w lasach. Nie jest to kwestia wy\u0142\u0105cznie subiektywnego odbioru zjawiska przez media i opini\u0119 publiczn\u0105. R\u00f3wnie\u017c zobiektywizowane dane sugeruj\u0105, \u017ce [&hellip;]<\/p>\n","protected":false},"author":3,"featured_media":933,"comment_status":"open","ping_status":"open","sticky":false,"template":"","format":"standard","meta":{"_acf_changed":false,"_monsterinsights_skip_tracking":false,"_monsterinsights_sitenote_active":false,"_monsterinsights_sitenote_note":"","_monsterinsights_sitenote_category":0,"footnotes":""},"categories":[10],"tags":[150,82,148,151,156,157,85,153,155,152,147,154],"acf":[],"yoast_head":"<!-- This site is optimized with the Yoast SEO plugin v23.5 - https:\/\/yoast.com\/wordpress\/plugins\/seo\/ -->\n<title>\u201eNikt nie z\u0142apie mnie za r\u0119k\u0119\u201d. Problem le\u015bnych wysypisk \u015bmieci. Zapowied\u017a raportu - Centrum Polityk Publicznych UEK<\/title>\n<meta name=\"description\" content=\"Koszty usuwania dzikich wysypisk ponoszone przez Lasy Pa\u0144stwowe rosn\u0105 od dekady: w 2010 r. wydano oko\u0142o 10mln. z\u0142 a w 2019 \u2013 prawie 20mln. z\u0142\" \/>\n<meta name=\"robots\" content=\"index, follow, max-snippet:-1, max-image-preview:large, max-video-preview:-1\" \/>\n<link rel=\"canonical\" href=\"https:\/\/politykipubliczne.pl\/en\/nikt-nie-zlapie-mnie-za-reke-problem-lesnych-wysypisk-smieci-zapowiedz-raportu\/\" \/>\n<meta property=\"og:locale\" content=\"en_GB\" \/>\n<meta property=\"og:type\" content=\"article\" \/>\n<meta property=\"og:title\" content=\"\u201eNikt nie z\u0142apie mnie za r\u0119k\u0119\u201d. Problem le\u015bnych wysypisk \u015bmieci. Zapowied\u017a raportu - Centrum Polityk Publicznych UEK\" \/>\n<meta property=\"og:description\" content=\"Koszty usuwania dzikich wysypisk ponoszone przez Lasy Pa\u0144stwowe rosn\u0105 od dekady: w 2010 r. wydano oko\u0142o 10mln. z\u0142 a w 2019 \u2013 prawie 20mln. z\u0142\" \/>\n<meta property=\"og:url\" content=\"https:\/\/politykipubliczne.pl\/en\/nikt-nie-zlapie-mnie-za-reke-problem-lesnych-wysypisk-smieci-zapowiedz-raportu\/\" \/>\n<meta property=\"og:site_name\" content=\"Centrum Polityk Publicznych UEK\" \/>\n<meta property=\"article:publisher\" content=\"https:\/\/www.facebook.com\/CPPUEK\" \/>\n<meta property=\"article:published_time\" content=\"2021-03-23T08:30:20+00:00\" \/>\n<meta property=\"article:modified_time\" content=\"2021-08-13T09:49:54+00:00\" \/>\n<meta property=\"og:image\" content=\"https:\/\/politykipubliczne.pl\/wp-content\/uploads\/2021\/03\/nick-page-ovav6SivMAY-unsplash-scaled.jpg\" \/>\n\t<meta property=\"og:image:width\" content=\"2560\" \/>\n\t<meta property=\"og:image:height\" content=\"1707\" \/>\n\t<meta property=\"og:image:type\" content=\"image\/jpeg\" \/>\n<meta name=\"author\" content=\"Izabela Wi\u015bniewska\" \/>\n<meta name=\"twitter:card\" content=\"summary_large_image\" \/>\n<meta name=\"twitter:creator\" content=\"@cppuek\" \/>\n<meta name=\"twitter:site\" content=\"@cppuek\" \/>\n<meta name=\"twitter:label1\" content=\"Written by\" \/>\n\t<meta name=\"twitter:data1\" content=\"Izabela Wi\u015bniewska\" \/>\n\t<meta name=\"twitter:label2\" content=\"Estimated reading time\" \/>\n\t<meta name=\"twitter:data2\" content=\"5 minutes\" \/>\n<script type=\"application\/ld+json\" class=\"yoast-schema-graph\">{\"@context\":\"https:\/\/schema.org\",\"@graph\":[{\"@type\":\"Article\",\"@id\":\"https:\/\/politykipubliczne.pl\/nikt-nie-zlapie-mnie-za-reke-problem-lesnych-wysypisk-smieci-zapowiedz-raportu\/#article\",\"isPartOf\":{\"@id\":\"https:\/\/politykipubliczne.pl\/nikt-nie-zlapie-mnie-za-reke-problem-lesnych-wysypisk-smieci-zapowiedz-raportu\/\"},\"author\":{\"name\":\"Izabela Wi\u015bniewska\",\"@id\":\"https:\/\/politykipubliczne.pl\/#\/schema\/person\/dc099c605f0afa50c288eb2fa3e17f03\"},\"headline\":\"\u201eNikt nie z\u0142apie mnie za r\u0119k\u0119\u201d. Problem le\u015bnych wysypisk \u015bmieci. Zapowied\u017a raportu\",\"datePublished\":\"2021-03-23T08:30:20+00:00\",\"dateModified\":\"2021-08-13T09:49:54+00:00\",\"mainEntityOfPage\":{\"@id\":\"https:\/\/politykipubliczne.pl\/nikt-nie-zlapie-mnie-za-reke-problem-lesnych-wysypisk-smieci-zapowiedz-raportu\/\"},\"wordCount\":945,\"commentCount\":0,\"publisher\":{\"@id\":\"https:\/\/politykipubliczne.pl\/#organization\"},\"image\":{\"@id\":\"https:\/\/politykipubliczne.pl\/nikt-nie-zlapie-mnie-za-reke-problem-lesnych-wysypisk-smieci-zapowiedz-raportu\/#primaryimage\"},\"thumbnailUrl\":\"https:\/\/politykipubliczne.pl\/wp-content\/uploads\/2021\/03\/nick-page-ovav6SivMAY-unsplash-scaled.jpg\",\"keywords\":[\"dzikie wysypiska\",\"IT Polska\",\"lasy\",\"Lasy Pa\u0144stwowe\",\"le\u015bne wysypiska\",\"le\u015bne wysypiska \u015bmieci\",\"nowy raport\",\"\u015bmieci w lasach\",\"system odbioru odpad\u00f3w\",\"system segregacji \u015bmieci\",\"zapowied\u017a raportu\",\"za\u015bmiecanie las\u00f3w\"],\"articleSection\":[\"Aktualno\u015bci\"],\"inLanguage\":\"en-GB\",\"potentialAction\":[{\"@type\":\"CommentAction\",\"name\":\"Comment\",\"target\":[\"https:\/\/politykipubliczne.pl\/nikt-nie-zlapie-mnie-za-reke-problem-lesnych-wysypisk-smieci-zapowiedz-raportu\/#respond\"]}]},{\"@type\":\"WebPage\",\"@id\":\"https:\/\/politykipubliczne.pl\/nikt-nie-zlapie-mnie-za-reke-problem-lesnych-wysypisk-smieci-zapowiedz-raportu\/\",\"url\":\"https:\/\/politykipubliczne.pl\/nikt-nie-zlapie-mnie-za-reke-problem-lesnych-wysypisk-smieci-zapowiedz-raportu\/\",\"name\":\"\u201eNikt nie z\u0142apie mnie za r\u0119k\u0119\u201d. Problem le\u015bnych wysypisk \u015bmieci. Zapowied\u017a raportu - Centrum Polityk Publicznych UEK\",\"isPartOf\":{\"@id\":\"https:\/\/politykipubliczne.pl\/#website\"},\"primaryImageOfPage\":{\"@id\":\"https:\/\/politykipubliczne.pl\/nikt-nie-zlapie-mnie-za-reke-problem-lesnych-wysypisk-smieci-zapowiedz-raportu\/#primaryimage\"},\"image\":{\"@id\":\"https:\/\/politykipubliczne.pl\/nikt-nie-zlapie-mnie-za-reke-problem-lesnych-wysypisk-smieci-zapowiedz-raportu\/#primaryimage\"},\"thumbnailUrl\":\"https:\/\/politykipubliczne.pl\/wp-content\/uploads\/2021\/03\/nick-page-ovav6SivMAY-unsplash-scaled.jpg\",\"datePublished\":\"2021-03-23T08:30:20+00:00\",\"dateModified\":\"2021-08-13T09:49:54+00:00\",\"description\":\"Koszty usuwania dzikich wysypisk ponoszone przez Lasy Pa\u0144stwowe rosn\u0105 od dekady: w 2010 r. wydano oko\u0142o 10mln. z\u0142 a w 2019 \u2013 prawie 20mln. z\u0142\",\"breadcrumb\":{\"@id\":\"https:\/\/politykipubliczne.pl\/nikt-nie-zlapie-mnie-za-reke-problem-lesnych-wysypisk-smieci-zapowiedz-raportu\/#breadcrumb\"},\"inLanguage\":\"en-GB\",\"potentialAction\":[{\"@type\":\"ReadAction\",\"target\":[\"https:\/\/politykipubliczne.pl\/nikt-nie-zlapie-mnie-za-reke-problem-lesnych-wysypisk-smieci-zapowiedz-raportu\/\"]}]},{\"@type\":\"ImageObject\",\"inLanguage\":\"en-GB\",\"@id\":\"https:\/\/politykipubliczne.pl\/nikt-nie-zlapie-mnie-za-reke-problem-lesnych-wysypisk-smieci-zapowiedz-raportu\/#primaryimage\",\"url\":\"https:\/\/politykipubliczne.pl\/wp-content\/uploads\/2021\/03\/nick-page-ovav6SivMAY-unsplash-scaled.jpg\",\"contentUrl\":\"https:\/\/politykipubliczne.pl\/wp-content\/uploads\/2021\/03\/nick-page-ovav6SivMAY-unsplash-scaled.jpg\",\"width\":2560,\"height\":1707,\"caption\":\"\u015bmieci w lecie\"},{\"@type\":\"BreadcrumbList\",\"@id\":\"https:\/\/politykipubliczne.pl\/nikt-nie-zlapie-mnie-za-reke-problem-lesnych-wysypisk-smieci-zapowiedz-raportu\/#breadcrumb\",\"itemListElement\":[{\"@type\":\"ListItem\",\"position\":1,\"name\":\"Strona g\u0142\u00f3wna\",\"item\":\"https:\/\/politykipubliczne.pl\/\"},{\"@type\":\"ListItem\",\"position\":2,\"name\":\"\u201eNikt nie z\u0142apie mnie za r\u0119k\u0119\u201d. Problem le\u015bnych wysypisk \u015bmieci. Zapowied\u017a raportu\"}]},{\"@type\":\"WebSite\",\"@id\":\"https:\/\/politykipubliczne.pl\/#website\",\"url\":\"https:\/\/politykipubliczne.pl\/\",\"name\":\"Centrum Polityk Publicznych UEK\",\"description\":\"Centrum Polityk Publicznych (CPP) jest akademickim o\u015brodkiem bada\u0144 podejmuj\u0105cym kluczowe problemy administracji publicznej, gospodarki publicznej oraz zarz\u0105dzania publicznego.\",\"publisher\":{\"@id\":\"https:\/\/politykipubliczne.pl\/#organization\"},\"potentialAction\":[{\"@type\":\"SearchAction\",\"target\":{\"@type\":\"EntryPoint\",\"urlTemplate\":\"https:\/\/politykipubliczne.pl\/?s={search_term_string}\"},\"query-input\":{\"@type\":\"PropertyValueSpecification\",\"valueRequired\":true,\"valueName\":\"search_term_string\"}}],\"inLanguage\":\"en-GB\"},{\"@type\":\"Organization\",\"@id\":\"https:\/\/politykipubliczne.pl\/#organization\",\"name\":\"Centrum Polityk Publicznych UEK\",\"url\":\"https:\/\/politykipubliczne.pl\/\",\"logo\":{\"@type\":\"ImageObject\",\"inLanguage\":\"en-GB\",\"@id\":\"https:\/\/politykipubliczne.pl\/#\/schema\/logo\/image\/\",\"url\":\"https:\/\/politykipubliczne.pl\/wp-content\/uploads\/2020\/10\/CPP_ikona_2.png\",\"contentUrl\":\"https:\/\/politykipubliczne.pl\/wp-content\/uploads\/2020\/10\/CPP_ikona_2.png\",\"width\":512,\"height\":512,\"caption\":\"Centrum Polityk Publicznych UEK\"},\"image\":{\"@id\":\"https:\/\/politykipubliczne.pl\/#\/schema\/logo\/image\/\"},\"sameAs\":[\"https:\/\/www.facebook.com\/CPPUEK\",\"https:\/\/x.com\/cppuek\",\"https:\/\/pl.wikipedia.org\/wiki\/Centrum_Polityk_Publicznych_Uniwersytetu_Ekonomicznego_w_Krakowie_(CPP_UEK)\"]},{\"@type\":\"Person\",\"@id\":\"https:\/\/politykipubliczne.pl\/#\/schema\/person\/dc099c605f0afa50c288eb2fa3e17f03\",\"name\":\"Izabela Wi\u015bniewska\",\"image\":{\"@type\":\"ImageObject\",\"inLanguage\":\"en-GB\",\"@id\":\"https:\/\/politykipubliczne.pl\/#\/schema\/person\/image\/\",\"url\":\"https:\/\/secure.gravatar.com\/avatar\/ab981d6a7d81ecf7c694c19e5b266b4f?s=96&d=mm&r=g\",\"contentUrl\":\"https:\/\/secure.gravatar.com\/avatar\/ab981d6a7d81ecf7c694c19e5b266b4f?s=96&d=mm&r=g\",\"caption\":\"Izabela Wi\u015bniewska\"},\"url\":\"https:\/\/politykipubliczne.pl\/en\/author\/izawis\/\"}]}<\/script>\n<!-- \/ Yoast SEO plugin. -->","yoast_head_json":{"title":"\u201eNikt nie z\u0142apie mnie za r\u0119k\u0119\u201d. Problem le\u015bnych wysypisk \u015bmieci. Zapowied\u017a raportu - Centrum Polityk Publicznych UEK","description":"Koszty usuwania dzikich wysypisk ponoszone przez Lasy Pa\u0144stwowe rosn\u0105 od dekady: w 2010 r. wydano oko\u0142o 10mln. z\u0142 a w 2019 \u2013 prawie 20mln. z\u0142","robots":{"index":"index","follow":"follow","max-snippet":"max-snippet:-1","max-image-preview":"max-image-preview:large","max-video-preview":"max-video-preview:-1"},"canonical":"https:\/\/politykipubliczne.pl\/en\/nikt-nie-zlapie-mnie-za-reke-problem-lesnych-wysypisk-smieci-zapowiedz-raportu\/","og_locale":"en_GB","og_type":"article","og_title":"\u201eNikt nie z\u0142apie mnie za r\u0119k\u0119\u201d. Problem le\u015bnych wysypisk \u015bmieci. Zapowied\u017a raportu - Centrum Polityk Publicznych UEK","og_description":"Koszty usuwania dzikich wysypisk ponoszone przez Lasy Pa\u0144stwowe rosn\u0105 od dekady: w 2010 r. wydano oko\u0142o 10mln. z\u0142 a w 2019 \u2013 prawie 20mln. z\u0142","og_url":"https:\/\/politykipubliczne.pl\/en\/nikt-nie-zlapie-mnie-za-reke-problem-lesnych-wysypisk-smieci-zapowiedz-raportu\/","og_site_name":"Centrum Polityk Publicznych UEK","article_publisher":"https:\/\/www.facebook.com\/CPPUEK","article_published_time":"2021-03-23T08:30:20+00:00","article_modified_time":"2021-08-13T09:49:54+00:00","og_image":[{"width":2560,"height":1707,"url":"https:\/\/politykipubliczne.pl\/wp-content\/uploads\/2021\/03\/nick-page-ovav6SivMAY-unsplash-scaled.jpg","type":"image\/jpeg"}],"author":"Izabela Wi\u015bniewska","twitter_card":"summary_large_image","twitter_creator":"@cppuek","twitter_site":"@cppuek","twitter_misc":{"Written by":"Izabela Wi\u015bniewska","Estimated reading time":"5 minutes"},"schema":{"@context":"https:\/\/schema.org","@graph":[{"@type":"Article","@id":"https:\/\/politykipubliczne.pl\/nikt-nie-zlapie-mnie-za-reke-problem-lesnych-wysypisk-smieci-zapowiedz-raportu\/#article","isPartOf":{"@id":"https:\/\/politykipubliczne.pl\/nikt-nie-zlapie-mnie-za-reke-problem-lesnych-wysypisk-smieci-zapowiedz-raportu\/"},"author":{"name":"Izabela Wi\u015bniewska","@id":"https:\/\/politykipubliczne.pl\/#\/schema\/person\/dc099c605f0afa50c288eb2fa3e17f03"},"headline":"\u201eNikt nie z\u0142apie mnie za r\u0119k\u0119\u201d. Problem le\u015bnych wysypisk \u015bmieci. Zapowied\u017a raportu","datePublished":"2021-03-23T08:30:20+00:00","dateModified":"2021-08-13T09:49:54+00:00","mainEntityOfPage":{"@id":"https:\/\/politykipubliczne.pl\/nikt-nie-zlapie-mnie-za-reke-problem-lesnych-wysypisk-smieci-zapowiedz-raportu\/"},"wordCount":945,"commentCount":0,"publisher":{"@id":"https:\/\/politykipubliczne.pl\/#organization"},"image":{"@id":"https:\/\/politykipubliczne.pl\/nikt-nie-zlapie-mnie-za-reke-problem-lesnych-wysypisk-smieci-zapowiedz-raportu\/#primaryimage"},"thumbnailUrl":"https:\/\/politykipubliczne.pl\/wp-content\/uploads\/2021\/03\/nick-page-ovav6SivMAY-unsplash-scaled.jpg","keywords":["dzikie wysypiska","IT Polska","lasy","Lasy Pa\u0144stwowe","le\u015bne wysypiska","le\u015bne wysypiska \u015bmieci","nowy raport","\u015bmieci w lasach","system odbioru odpad\u00f3w","system segregacji \u015bmieci","zapowied\u017a raportu","za\u015bmiecanie las\u00f3w"],"articleSection":["Aktualno\u015bci"],"inLanguage":"en-GB","potentialAction":[{"@type":"CommentAction","name":"Comment","target":["https:\/\/politykipubliczne.pl\/nikt-nie-zlapie-mnie-za-reke-problem-lesnych-wysypisk-smieci-zapowiedz-raportu\/#respond"]}]},{"@type":"WebPage","@id":"https:\/\/politykipubliczne.pl\/nikt-nie-zlapie-mnie-za-reke-problem-lesnych-wysypisk-smieci-zapowiedz-raportu\/","url":"https:\/\/politykipubliczne.pl\/nikt-nie-zlapie-mnie-za-reke-problem-lesnych-wysypisk-smieci-zapowiedz-raportu\/","name":"\u201eNikt nie z\u0142apie mnie za r\u0119k\u0119\u201d. Problem le\u015bnych wysypisk \u015bmieci. Zapowied\u017a raportu - Centrum Polityk Publicznych UEK","isPartOf":{"@id":"https:\/\/politykipubliczne.pl\/#website"},"primaryImageOfPage":{"@id":"https:\/\/politykipubliczne.pl\/nikt-nie-zlapie-mnie-za-reke-problem-lesnych-wysypisk-smieci-zapowiedz-raportu\/#primaryimage"},"image":{"@id":"https:\/\/politykipubliczne.pl\/nikt-nie-zlapie-mnie-za-reke-problem-lesnych-wysypisk-smieci-zapowiedz-raportu\/#primaryimage"},"thumbnailUrl":"https:\/\/politykipubliczne.pl\/wp-content\/uploads\/2021\/03\/nick-page-ovav6SivMAY-unsplash-scaled.jpg","datePublished":"2021-03-23T08:30:20+00:00","dateModified":"2021-08-13T09:49:54+00:00","description":"Koszty usuwania dzikich wysypisk ponoszone przez Lasy Pa\u0144stwowe rosn\u0105 od dekady: w 2010 r. wydano oko\u0142o 10mln. z\u0142 a w 2019 \u2013 prawie 20mln. z\u0142","breadcrumb":{"@id":"https:\/\/politykipubliczne.pl\/nikt-nie-zlapie-mnie-za-reke-problem-lesnych-wysypisk-smieci-zapowiedz-raportu\/#breadcrumb"},"inLanguage":"en-GB","potentialAction":[{"@type":"ReadAction","target":["https:\/\/politykipubliczne.pl\/nikt-nie-zlapie-mnie-za-reke-problem-lesnych-wysypisk-smieci-zapowiedz-raportu\/"]}]},{"@type":"ImageObject","inLanguage":"en-GB","@id":"https:\/\/politykipubliczne.pl\/nikt-nie-zlapie-mnie-za-reke-problem-lesnych-wysypisk-smieci-zapowiedz-raportu\/#primaryimage","url":"https:\/\/politykipubliczne.pl\/wp-content\/uploads\/2021\/03\/nick-page-ovav6SivMAY-unsplash-scaled.jpg","contentUrl":"https:\/\/politykipubliczne.pl\/wp-content\/uploads\/2021\/03\/nick-page-ovav6SivMAY-unsplash-scaled.jpg","width":2560,"height":1707,"caption":"\u015bmieci w lecie"},{"@type":"BreadcrumbList","@id":"https:\/\/politykipubliczne.pl\/nikt-nie-zlapie-mnie-za-reke-problem-lesnych-wysypisk-smieci-zapowiedz-raportu\/#breadcrumb","itemListElement":[{"@type":"ListItem","position":1,"name":"Strona g\u0142\u00f3wna","item":"https:\/\/politykipubliczne.pl\/"},{"@type":"ListItem","position":2,"name":"\u201eNikt nie z\u0142apie mnie za r\u0119k\u0119\u201d. Problem le\u015bnych wysypisk \u015bmieci. Zapowied\u017a raportu"}]},{"@type":"WebSite","@id":"https:\/\/politykipubliczne.pl\/#website","url":"https:\/\/politykipubliczne.pl\/","name":"Centrum Polityk Publicznych UEK","description":"Centrum Polityk Publicznych (CPP) jest akademickim o\u015brodkiem bada\u0144 podejmuj\u0105cym kluczowe problemy administracji publicznej, gospodarki publicznej oraz zarz\u0105dzania publicznego.","publisher":{"@id":"https:\/\/politykipubliczne.pl\/#organization"},"potentialAction":[{"@type":"SearchAction","target":{"@type":"EntryPoint","urlTemplate":"https:\/\/politykipubliczne.pl\/?s={search_term_string}"},"query-input":{"@type":"PropertyValueSpecification","valueRequired":true,"valueName":"search_term_string"}}],"inLanguage":"en-GB"},{"@type":"Organization","@id":"https:\/\/politykipubliczne.pl\/#organization","name":"Centrum Polityk Publicznych UEK","url":"https:\/\/politykipubliczne.pl\/","logo":{"@type":"ImageObject","inLanguage":"en-GB","@id":"https:\/\/politykipubliczne.pl\/#\/schema\/logo\/image\/","url":"https:\/\/politykipubliczne.pl\/wp-content\/uploads\/2020\/10\/CPP_ikona_2.png","contentUrl":"https:\/\/politykipubliczne.pl\/wp-content\/uploads\/2020\/10\/CPP_ikona_2.png","width":512,"height":512,"caption":"Centrum Polityk Publicznych UEK"},"image":{"@id":"https:\/\/politykipubliczne.pl\/#\/schema\/logo\/image\/"},"sameAs":["https:\/\/www.facebook.com\/CPPUEK","https:\/\/x.com\/cppuek","https:\/\/pl.wikipedia.org\/wiki\/Centrum_Polityk_Publicznych_Uniwersytetu_Ekonomicznego_w_Krakowie_(CPP_UEK)"]},{"@type":"Person","@id":"https:\/\/politykipubliczne.pl\/#\/schema\/person\/dc099c605f0afa50c288eb2fa3e17f03","name":"Izabela Wi\u015bniewska","image":{"@type":"ImageObject","inLanguage":"en-GB","@id":"https:\/\/politykipubliczne.pl\/#\/schema\/person\/image\/","url":"https:\/\/secure.gravatar.com\/avatar\/ab981d6a7d81ecf7c694c19e5b266b4f?s=96&d=mm&r=g","contentUrl":"https:\/\/secure.gravatar.com\/avatar\/ab981d6a7d81ecf7c694c19e5b266b4f?s=96&d=mm&r=g","caption":"Izabela Wi\u015bniewska"},"url":"https:\/\/politykipubliczne.pl\/en\/author\/izawis\/"}]}},"jetpack_featured_media_url":"https:\/\/politykipubliczne.pl\/wp-content\/uploads\/2021\/03\/nick-page-ovav6SivMAY-unsplash-scaled.jpg","_links":{"self":[{"href":"https:\/\/politykipubliczne.pl\/en\/wp-json\/wp\/v2\/posts\/932"}],"collection":[{"href":"https:\/\/politykipubliczne.pl\/en\/wp-json\/wp\/v2\/posts"}],"about":[{"href":"https:\/\/politykipubliczne.pl\/en\/wp-json\/wp\/v2\/types\/post"}],"author":[{"embeddable":true,"href":"https:\/\/politykipubliczne.pl\/en\/wp-json\/wp\/v2\/users\/3"}],"replies":[{"embeddable":true,"href":"https:\/\/politykipubliczne.pl\/en\/wp-json\/wp\/v2\/comments?post=932"}],"version-history":[{"count":8,"href":"https:\/\/politykipubliczne.pl\/en\/wp-json\/wp\/v2\/posts\/932\/revisions"}],"predecessor-version":[{"id":949,"href":"https:\/\/politykipubliczne.pl\/en\/wp-json\/wp\/v2\/posts\/932\/revisions\/949"}],"wp:featuredmedia":[{"embeddable":true,"href":"https:\/\/politykipubliczne.pl\/en\/wp-json\/wp\/v2\/media\/933"}],"wp:attachment":[{"href":"https:\/\/politykipubliczne.pl\/en\/wp-json\/wp\/v2\/media?parent=932"}],"wp:term":[{"taxonomy":"category","embeddable":true,"href":"https:\/\/politykipubliczne.pl\/en\/wp-json\/wp\/v2\/categories?post=932"},{"taxonomy":"post_tag","embeddable":true,"href":"https:\/\/politykipubliczne.pl\/en\/wp-json\/wp\/v2\/tags?post=932"}],"curies":[{"name":"wp","href":"https:\/\/api.w.org\/{rel}","templated":true}]}}