{"id":604,"date":"2020-11-25T09:56:15","date_gmt":"2020-11-25T08:56:15","guid":{"rendered":"http:\/\/politykipubliczne.pl\/?p=604"},"modified":"2021-01-25T11:03:08","modified_gmt":"2021-01-25T10:03:08","slug":"gospodarka-podczas-pandemii-i-po-niej-czy-leci-z-nami-pilot","status":"publish","type":"post","link":"https:\/\/politykipubliczne.pl\/en\/gospodarka-podczas-pandemii-i-po-niej-czy-leci-z-nami-pilot\/","title":{"rendered":"Gospodarka podczas pandemii i po niej. Czy leci z nami pilot?"},"content":{"rendered":"<p>Ju\u017c 26 listopada br. o godz. 16.30 w murach Uniwersytetu Ekonomicznego w Krakowie odb\u0119dzie si\u0119 kolejna debata, tym razem pt. <strong>\u201eGOSPODARKA. Czy leci z nami pilot?\u201d<\/strong>.<\/p>\n<blockquote>\n<p style=\"text-align: left;\">Czy zmiany, kt\u00f3rych jeste\u015bmy \u015bwiadkami i w kt\u00f3rych uczestniczymy, wywr\u00f3c\u0105 paradygmat ekonomii? Jak b\u0119dzie wygl\u0105da\u0142a gospodarka Krakowa i Ma\u0142opolski bez turyst\u00f3w? Jeszcze przed rokiem miasto \u017cy\u0142o szukaniem rozwi\u0105za\u0144 jak poradzi\u0107 sobie z ha\u0142a\u015bliwym wynajmem kr\u00f3tkoterminowym, dzi\u015b z czu\u0142o\u015bci\u0105 to wspominamy. Co z hotelami? Co z transportem? Co z gastronomi\u0105?\u00a0 Wreszcie &#8211; jak pandemi\u0119 przetrwaj\u0105 us\u0142ugi dla biznesu, kt\u00f3rych Krak\u00f3w sta\u0142 si\u0119 jednym ze \u015bwiatowych centr\u00f3w? Jak i gdzie szuka\u0107 r\u00f3wnowagi mi\u0119dzy gospodark\u0105, a medycyn\u0105? Co w swoich strategiach rozwoju powinny zmieni\u0107 w\u0142adze Krakowa i Ma\u0142opolski?<\/p>\n<\/blockquote>\n<p>Na te i inne pytania odpowiedzi szuka\u0107 b\u0119d\u0105 go\u015bcie drugiej z cyklu debat \u201ePrzemy\u015ble\u0107 Krak\u00f3w i Ma\u0142opolsk\u0119\u201d<\/p>\n<p>Uniwersytet Ekonomiczny w Krakowie, przy wsp\u00f3\u0142pracy Centrum Polityk Publicznych i razem z w\u0142adzami Miasta i Wojew\u00f3dztwa zapraszaj\u0105 na debat\u0119 o pandemicznej i postpandemicznej gospodarce.<\/p>\n<p>W spotkaniu udzia\u0142 wezm\u0105:<\/p>\n<ul>\n<li><strong>prof. Robert Tomanek<\/strong> &#8211; Podsekretarz Stanu w Ministerstwie Rozwoju, Pracy i Technologii<\/li>\n<li><strong>prof. Andrzej Matyja<\/strong> \u2013 Prezes Naczelnej Izby Lekarskiej<\/li>\n<li><strong>Piotr Zi\u0119tara<\/strong> &#8211; Prezes Zarz\u0105du Miejskiego Przedsi\u0119biorstwa Wodoci\u0105g\u00f3w i Kanalizacji S.A. w Krakowie<\/li>\n<li><strong>Pawe\u0142 Suli\u0144ski<\/strong> &#8211; Senior Director, GBS Transformation Lead, Hitachi Vantara<\/li>\n<li><strong>prof. Anna Mo\u017adzierz<\/strong> \u2013 Dziekan Kolegium Ekonomii, Finans\u00f3w i Prawa, Uniwersytet Ekonomiczny w Krakowie<\/li>\n<\/ul>\n<p>Prowadz\u0105cy: red. Zbigniew Bartu\u015b &#8211; Publicysta \u201eDziennika Polskiego\u201d i medi\u00f3w Polska Press Grupy Wprowadzenie do debaty i komentarz &#8211; prof. Stanis\u0142aw Mazur, rektor UEK<\/p>\n<p>Debata transmitowana b\u0119dzie na stronie Uczelni oraz pod linkiem: <a href=\"https:\/\/youtu.be\/gpIXWsEaUkU\">https:\/\/youtu.be\/gpIXWsEaUkU<\/a><\/p>\n<p>Przed spotkaniem, w\u015br\u00f3d u\u017cytkownik\u00f3w internetu, przeprowadzona zostanie ankieta, kt\u00f3rej wyniki zostan\u0105 zaprezentowane podczas debaty. Serdecznie zach\u0119camy do oddania g\u0142osu: <a href=\"https:\/\/forms.gle\/V1cqdVr4m4bQZzcm7\">https:\/\/forms.gle\/V1cqdVr4m4bQZzcm7<\/a><\/p>\n<p style=\"text-align: center;\">***<\/p>\n<p>Spotkanie \u201eGOSPODARKA. Czy leci z nami pilot?\u201d to druga z cyklu debat \u201e<strong>Przemy\u015ble\u0107 Krak\u00f3w i Ma\u0142opolsk\u0119\u201d<\/strong> inicjowanego przez Uniwersytet Ekonomiczny w Krakowie, a prowadzonego we wsp\u00f3\u0142pracy z Centrum Polityk Publicznych, w\u0142adzami samorz\u0105dowymi Krakowa i Ma\u0142opolski, krakowskimi uczelniami wy\u017cszymi, biznesem oraz organizacjami obywatelskimi. Zamiarem jego pomys\u0142odawc\u00f3w jest stworzenie przestrzeni otwartej dla tw\u00f3rczej debaty nad sprawami wa\u017cnymi dla mieszka\u0144c\u00f3w i poszukiwanie warto\u015bciowych rozwi\u0105za\u0144 stanowi\u0105cych podstaw\u0119 dla spo\u0142eczno-ekonomicznego rozwoju miasta i regionu. Moment jest szczeg\u00f3lny, bo wymaga wypracowania rozwi\u0105za\u0144 nowych &#8211; z uwzgl\u0119dnieniem szybko zmieniaj\u0105cego si\u0119 otoczenia, ale przy wykorzystaniu potencja\u0142u Krakowa i Ma\u0142opolski.<\/p>","protected":false},"excerpt":{"rendered":"<p>Ju\u017c 26 listopada br. o godz. 16.30 w murach Uniwersytetu Ekonomicznego w Krakowie odb\u0119dzie si\u0119 kolejna debata, tym razem pt. \u201eGOSPODARKA. Czy leci z nami pilot?\u201d. Czy zmiany, kt\u00f3rych jeste\u015bmy \u015bwiadkami i w kt\u00f3rych uczestniczymy, wywr\u00f3c\u0105 paradygmat ekonomii? Jak b\u0119dzie wygl\u0105da\u0142a gospodarka Krakowa i Ma\u0142opolski bez turyst\u00f3w? Jeszcze przed rokiem miasto \u017cy\u0142o szukaniem rozwi\u0105za\u0144 jak [&hellip;]<\/p>\n","protected":false},"author":3,"featured_media":605,"comment_status":"open","ping_status":"open","sticky":false,"template":"","format":"standard","meta":{"_acf_changed":false,"_monsterinsights_skip_tracking":false,"_monsterinsights_sitenote_active":false,"_monsterinsights_sitenote_note":"","_monsterinsights_sitenote_category":0,"footnotes":""},"categories":[10,1],"tags":[66,40,34,35,32,33,53,36,70,38,39],"acf":[],"yoast_head":"<!-- This site is optimized with the Yoast SEO plugin v23.5 - https:\/\/yoast.com\/wordpress\/plugins\/seo\/ -->\n<title>Gospodarka podczas pandemii i po niej. Czy leci z nami pilot? - Centrum Polityk Publicznych UEK<\/title>\n<meta name=\"description\" content=\"Ju\u017c 26 listopada w murach UEK odb\u0119dzie si\u0119 kolejna debata, tym razem pt. \u201eGOSPODARKA. Czy leci z nami pilot?\u201d\" \/>\n<meta name=\"robots\" content=\"index, follow, max-snippet:-1, max-image-preview:large, max-video-preview:-1\" \/>\n<link rel=\"canonical\" href=\"https:\/\/politykipubliczne.pl\/en\/gospodarka-podczas-pandemii-i-po-niej-czy-leci-z-nami-pilot\/\" \/>\n<meta property=\"og:locale\" content=\"en_GB\" \/>\n<meta property=\"og:type\" content=\"article\" \/>\n<meta property=\"og:title\" content=\"Gospodarka podczas pandemii i po niej. Czy leci z nami pilot? - Centrum Polityk Publicznych UEK\" \/>\n<meta property=\"og:description\" content=\"Ju\u017c 26 listopada w murach UEK odb\u0119dzie si\u0119 kolejna debata, tym razem pt. \u201eGOSPODARKA. Czy leci z nami pilot?\u201d\" \/>\n<meta property=\"og:url\" content=\"https:\/\/politykipubliczne.pl\/en\/gospodarka-podczas-pandemii-i-po-niej-czy-leci-z-nami-pilot\/\" \/>\n<meta property=\"og:site_name\" content=\"Centrum Polityk Publicznych UEK\" \/>\n<meta property=\"article:publisher\" content=\"https:\/\/www.facebook.com\/CPPUEK\" \/>\n<meta property=\"article:published_time\" content=\"2020-11-25T08:56:15+00:00\" \/>\n<meta property=\"article:modified_time\" content=\"2021-01-25T10:03:08+00:00\" \/>\n<meta property=\"og:image\" content=\"https:\/\/politykipubliczne.pl\/wp-content\/uploads\/2020\/11\/debata-rektorska-gospodarka_1200x628.png\" \/>\n\t<meta property=\"og:image:width\" content=\"1200\" \/>\n\t<meta property=\"og:image:height\" content=\"628\" \/>\n\t<meta property=\"og:image:type\" content=\"image\/png\" \/>\n<meta name=\"author\" content=\"Izabela Wi\u015bniewska\" \/>\n<meta name=\"twitter:card\" content=\"summary_large_image\" \/>\n<meta name=\"twitter:creator\" content=\"@cppuek\" \/>\n<meta name=\"twitter:site\" content=\"@cppuek\" \/>\n<meta name=\"twitter:label1\" content=\"Written by\" \/>\n\t<meta name=\"twitter:data1\" content=\"Izabela Wi\u015bniewska\" \/>\n\t<meta name=\"twitter:label2\" content=\"Estimated reading time\" \/>\n\t<meta name=\"twitter:data2\" content=\"2 minutes\" \/>\n<script type=\"application\/ld+json\" class=\"yoast-schema-graph\">{\"@context\":\"https:\/\/schema.org\",\"@graph\":[{\"@type\":\"Article\",\"@id\":\"https:\/\/politykipubliczne.pl\/en\/gospodarka-podczas-pandemii-i-po-niej-czy-leci-z-nami-pilot\/#article\",\"isPartOf\":{\"@id\":\"https:\/\/politykipubliczne.pl\/en\/gospodarka-podczas-pandemii-i-po-niej-czy-leci-z-nami-pilot\/\"},\"author\":{\"name\":\"Izabela Wi\u015bniewska\",\"@id\":\"https:\/\/politykipubliczne.pl\/#\/schema\/person\/dc099c605f0afa50c288eb2fa3e17f03\"},\"headline\":\"Gospodarka podczas pandemii i po niej. Czy leci z nami pilot?\",\"datePublished\":\"2020-11-25T08:56:15+00:00\",\"dateModified\":\"2021-01-25T10:03:08+00:00\",\"mainEntityOfPage\":{\"@id\":\"https:\/\/politykipubliczne.pl\/en\/gospodarka-podczas-pandemii-i-po-niej-czy-leci-z-nami-pilot\/\"},\"wordCount\":451,\"commentCount\":0,\"publisher\":{\"@id\":\"https:\/\/politykipubliczne.pl\/#organization\"},\"image\":{\"@id\":\"https:\/\/politykipubliczne.pl\/en\/gospodarka-podczas-pandemii-i-po-niej-czy-leci-z-nami-pilot\/#primaryimage\"},\"thumbnailUrl\":\"https:\/\/politykipubliczne.pl\/wp-content\/uploads\/2020\/11\/debata-rektorska-gospodarka_1200x628.png\",\"keywords\":[\"centrum bada\u0144\",\"centrum polityk\",\"Centrum Polityk Publicznych\",\"Centrum Polityk Publicznych UEK\",\"CPP\",\"CPP UEK\",\"cppuek\",\"debata\",\"gospodarka publiczna\",\"polityki publiczne\",\"uek\"],\"articleSection\":[\"Aktualno\u015bci\",\"Bez kategorii\"],\"inLanguage\":\"en-GB\",\"potentialAction\":[{\"@type\":\"CommentAction\",\"name\":\"Comment\",\"target\":[\"https:\/\/politykipubliczne.pl\/en\/gospodarka-podczas-pandemii-i-po-niej-czy-leci-z-nami-pilot\/#respond\"]}]},{\"@type\":\"WebPage\",\"@id\":\"https:\/\/politykipubliczne.pl\/en\/gospodarka-podczas-pandemii-i-po-niej-czy-leci-z-nami-pilot\/\",\"url\":\"https:\/\/politykipubliczne.pl\/en\/gospodarka-podczas-pandemii-i-po-niej-czy-leci-z-nami-pilot\/\",\"name\":\"Gospodarka podczas pandemii i po niej. Czy leci z nami pilot? - Centrum Polityk Publicznych UEK\",\"isPartOf\":{\"@id\":\"https:\/\/politykipubliczne.pl\/#website\"},\"primaryImageOfPage\":{\"@id\":\"https:\/\/politykipubliczne.pl\/en\/gospodarka-podczas-pandemii-i-po-niej-czy-leci-z-nami-pilot\/#primaryimage\"},\"image\":{\"@id\":\"https:\/\/politykipubliczne.pl\/en\/gospodarka-podczas-pandemii-i-po-niej-czy-leci-z-nami-pilot\/#primaryimage\"},\"thumbnailUrl\":\"https:\/\/politykipubliczne.pl\/wp-content\/uploads\/2020\/11\/debata-rektorska-gospodarka_1200x628.png\",\"datePublished\":\"2020-11-25T08:56:15+00:00\",\"dateModified\":\"2021-01-25T10:03:08+00:00\",\"description\":\"Ju\u017c 26 listopada w murach UEK odb\u0119dzie si\u0119 kolejna debata, tym razem pt. \u201eGOSPODARKA. Czy leci z nami pilot?\u201d\",\"breadcrumb\":{\"@id\":\"https:\/\/politykipubliczne.pl\/en\/gospodarka-podczas-pandemii-i-po-niej-czy-leci-z-nami-pilot\/#breadcrumb\"},\"inLanguage\":\"en-GB\",\"potentialAction\":[{\"@type\":\"ReadAction\",\"target\":[\"https:\/\/politykipubliczne.pl\/en\/gospodarka-podczas-pandemii-i-po-niej-czy-leci-z-nami-pilot\/\"]}]},{\"@type\":\"ImageObject\",\"inLanguage\":\"en-GB\",\"@id\":\"https:\/\/politykipubliczne.pl\/en\/gospodarka-podczas-pandemii-i-po-niej-czy-leci-z-nami-pilot\/#primaryimage\",\"url\":\"https:\/\/politykipubliczne.pl\/wp-content\/uploads\/2020\/11\/debata-rektorska-gospodarka_1200x628.png\",\"contentUrl\":\"https:\/\/politykipubliczne.pl\/wp-content\/uploads\/2020\/11\/debata-rektorska-gospodarka_1200x628.png\",\"width\":1200,\"height\":628},{\"@type\":\"BreadcrumbList\",\"@id\":\"https:\/\/politykipubliczne.pl\/en\/gospodarka-podczas-pandemii-i-po-niej-czy-leci-z-nami-pilot\/#breadcrumb\",\"itemListElement\":[{\"@type\":\"ListItem\",\"position\":1,\"name\":\"Strona g\u0142\u00f3wna\",\"item\":\"https:\/\/politykipubliczne.pl\/\"},{\"@type\":\"ListItem\",\"position\":2,\"name\":\"Gospodarka podczas pandemii i po niej. Czy leci z nami pilot?\"}]},{\"@type\":\"WebSite\",\"@id\":\"https:\/\/politykipubliczne.pl\/#website\",\"url\":\"https:\/\/politykipubliczne.pl\/\",\"name\":\"Centrum Polityk Publicznych UEK\",\"description\":\"Centrum Polityk Publicznych (CPP) jest akademickim o\u015brodkiem bada\u0144 podejmuj\u0105cym kluczowe problemy administracji publicznej, gospodarki publicznej oraz zarz\u0105dzania publicznego.\",\"publisher\":{\"@id\":\"https:\/\/politykipubliczne.pl\/#organization\"},\"potentialAction\":[{\"@type\":\"SearchAction\",\"target\":{\"@type\":\"EntryPoint\",\"urlTemplate\":\"https:\/\/politykipubliczne.pl\/?s={search_term_string}\"},\"query-input\":{\"@type\":\"PropertyValueSpecification\",\"valueRequired\":true,\"valueName\":\"search_term_string\"}}],\"inLanguage\":\"en-GB\"},{\"@type\":\"Organization\",\"@id\":\"https:\/\/politykipubliczne.pl\/#organization\",\"name\":\"Centrum Polityk Publicznych UEK\",\"url\":\"https:\/\/politykipubliczne.pl\/\",\"logo\":{\"@type\":\"ImageObject\",\"inLanguage\":\"en-GB\",\"@id\":\"https:\/\/politykipubliczne.pl\/#\/schema\/logo\/image\/\",\"url\":\"https:\/\/politykipubliczne.pl\/wp-content\/uploads\/2020\/10\/CPP_ikona_2.png\",\"contentUrl\":\"https:\/\/politykipubliczne.pl\/wp-content\/uploads\/2020\/10\/CPP_ikona_2.png\",\"width\":512,\"height\":512,\"caption\":\"Centrum Polityk Publicznych UEK\"},\"image\":{\"@id\":\"https:\/\/politykipubliczne.pl\/#\/schema\/logo\/image\/\"},\"sameAs\":[\"https:\/\/www.facebook.com\/CPPUEK\",\"https:\/\/x.com\/cppuek\",\"https:\/\/pl.wikipedia.org\/wiki\/Centrum_Polityk_Publicznych_Uniwersytetu_Ekonomicznego_w_Krakowie_(CPP_UEK)\"]},{\"@type\":\"Person\",\"@id\":\"https:\/\/politykipubliczne.pl\/#\/schema\/person\/dc099c605f0afa50c288eb2fa3e17f03\",\"name\":\"Izabela Wi\u015bniewska\",\"image\":{\"@type\":\"ImageObject\",\"inLanguage\":\"en-GB\",\"@id\":\"https:\/\/politykipubliczne.pl\/#\/schema\/person\/image\/\",\"url\":\"https:\/\/secure.gravatar.com\/avatar\/ab981d6a7d81ecf7c694c19e5b266b4f?s=96&d=mm&r=g\",\"contentUrl\":\"https:\/\/secure.gravatar.com\/avatar\/ab981d6a7d81ecf7c694c19e5b266b4f?s=96&d=mm&r=g\",\"caption\":\"Izabela Wi\u015bniewska\"},\"url\":\"https:\/\/politykipubliczne.pl\/en\/author\/izawis\/\"}]}<\/script>\n<!-- \/ Yoast SEO plugin. -->","yoast_head_json":{"title":"Gospodarka podczas pandemii i po niej. Czy leci z nami pilot? - Centrum Polityk Publicznych UEK","description":"Ju\u017c 26 listopada w murach UEK odb\u0119dzie si\u0119 kolejna debata, tym razem pt. \u201eGOSPODARKA. Czy leci z nami pilot?\u201d","robots":{"index":"index","follow":"follow","max-snippet":"max-snippet:-1","max-image-preview":"max-image-preview:large","max-video-preview":"max-video-preview:-1"},"canonical":"https:\/\/politykipubliczne.pl\/en\/gospodarka-podczas-pandemii-i-po-niej-czy-leci-z-nami-pilot\/","og_locale":"en_GB","og_type":"article","og_title":"Gospodarka podczas pandemii i po niej. Czy leci z nami pilot? - Centrum Polityk Publicznych UEK","og_description":"Ju\u017c 26 listopada w murach UEK odb\u0119dzie si\u0119 kolejna debata, tym razem pt. \u201eGOSPODARKA. Czy leci z nami pilot?\u201d","og_url":"https:\/\/politykipubliczne.pl\/en\/gospodarka-podczas-pandemii-i-po-niej-czy-leci-z-nami-pilot\/","og_site_name":"Centrum Polityk Publicznych UEK","article_publisher":"https:\/\/www.facebook.com\/CPPUEK","article_published_time":"2020-11-25T08:56:15+00:00","article_modified_time":"2021-01-25T10:03:08+00:00","og_image":[{"width":1200,"height":628,"url":"https:\/\/politykipubliczne.pl\/wp-content\/uploads\/2020\/11\/debata-rektorska-gospodarka_1200x628.png","type":"image\/png"}],"author":"Izabela Wi\u015bniewska","twitter_card":"summary_large_image","twitter_creator":"@cppuek","twitter_site":"@cppuek","twitter_misc":{"Written by":"Izabela Wi\u015bniewska","Estimated reading time":"2 minutes"},"schema":{"@context":"https:\/\/schema.org","@graph":[{"@type":"Article","@id":"https:\/\/politykipubliczne.pl\/en\/gospodarka-podczas-pandemii-i-po-niej-czy-leci-z-nami-pilot\/#article","isPartOf":{"@id":"https:\/\/politykipubliczne.pl\/en\/gospodarka-podczas-pandemii-i-po-niej-czy-leci-z-nami-pilot\/"},"author":{"name":"Izabela Wi\u015bniewska","@id":"https:\/\/politykipubliczne.pl\/#\/schema\/person\/dc099c605f0afa50c288eb2fa3e17f03"},"headline":"Gospodarka podczas pandemii i po niej. Czy leci z nami pilot?","datePublished":"2020-11-25T08:56:15+00:00","dateModified":"2021-01-25T10:03:08+00:00","mainEntityOfPage":{"@id":"https:\/\/politykipubliczne.pl\/en\/gospodarka-podczas-pandemii-i-po-niej-czy-leci-z-nami-pilot\/"},"wordCount":451,"commentCount":0,"publisher":{"@id":"https:\/\/politykipubliczne.pl\/#organization"},"image":{"@id":"https:\/\/politykipubliczne.pl\/en\/gospodarka-podczas-pandemii-i-po-niej-czy-leci-z-nami-pilot\/#primaryimage"},"thumbnailUrl":"https:\/\/politykipubliczne.pl\/wp-content\/uploads\/2020\/11\/debata-rektorska-gospodarka_1200x628.png","keywords":["centrum bada\u0144","centrum polityk","Centrum Polityk Publicznych","Centrum Polityk Publicznych UEK","CPP","CPP UEK","cppuek","debata","gospodarka publiczna","polityki publiczne","uek"],"articleSection":["Aktualno\u015bci","Bez kategorii"],"inLanguage":"en-GB","potentialAction":[{"@type":"CommentAction","name":"Comment","target":["https:\/\/politykipubliczne.pl\/en\/gospodarka-podczas-pandemii-i-po-niej-czy-leci-z-nami-pilot\/#respond"]}]},{"@type":"WebPage","@id":"https:\/\/politykipubliczne.pl\/en\/gospodarka-podczas-pandemii-i-po-niej-czy-leci-z-nami-pilot\/","url":"https:\/\/politykipubliczne.pl\/en\/gospodarka-podczas-pandemii-i-po-niej-czy-leci-z-nami-pilot\/","name":"Gospodarka podczas pandemii i po niej. Czy leci z nami pilot? - Centrum Polityk Publicznych UEK","isPartOf":{"@id":"https:\/\/politykipubliczne.pl\/#website"},"primaryImageOfPage":{"@id":"https:\/\/politykipubliczne.pl\/en\/gospodarka-podczas-pandemii-i-po-niej-czy-leci-z-nami-pilot\/#primaryimage"},"image":{"@id":"https:\/\/politykipubliczne.pl\/en\/gospodarka-podczas-pandemii-i-po-niej-czy-leci-z-nami-pilot\/#primaryimage"},"thumbnailUrl":"https:\/\/politykipubliczne.pl\/wp-content\/uploads\/2020\/11\/debata-rektorska-gospodarka_1200x628.png","datePublished":"2020-11-25T08:56:15+00:00","dateModified":"2021-01-25T10:03:08+00:00","description":"Ju\u017c 26 listopada w murach UEK odb\u0119dzie si\u0119 kolejna debata, tym razem pt. \u201eGOSPODARKA. Czy leci z nami pilot?\u201d","breadcrumb":{"@id":"https:\/\/politykipubliczne.pl\/en\/gospodarka-podczas-pandemii-i-po-niej-czy-leci-z-nami-pilot\/#breadcrumb"},"inLanguage":"en-GB","potentialAction":[{"@type":"ReadAction","target":["https:\/\/politykipubliczne.pl\/en\/gospodarka-podczas-pandemii-i-po-niej-czy-leci-z-nami-pilot\/"]}]},{"@type":"ImageObject","inLanguage":"en-GB","@id":"https:\/\/politykipubliczne.pl\/en\/gospodarka-podczas-pandemii-i-po-niej-czy-leci-z-nami-pilot\/#primaryimage","url":"https:\/\/politykipubliczne.pl\/wp-content\/uploads\/2020\/11\/debata-rektorska-gospodarka_1200x628.png","contentUrl":"https:\/\/politykipubliczne.pl\/wp-content\/uploads\/2020\/11\/debata-rektorska-gospodarka_1200x628.png","width":1200,"height":628},{"@type":"BreadcrumbList","@id":"https:\/\/politykipubliczne.pl\/en\/gospodarka-podczas-pandemii-i-po-niej-czy-leci-z-nami-pilot\/#breadcrumb","itemListElement":[{"@type":"ListItem","position":1,"name":"Strona g\u0142\u00f3wna","item":"https:\/\/politykipubliczne.pl\/"},{"@type":"ListItem","position":2,"name":"Gospodarka podczas pandemii i po niej. Czy leci z nami pilot?"}]},{"@type":"WebSite","@id":"https:\/\/politykipubliczne.pl\/#website","url":"https:\/\/politykipubliczne.pl\/","name":"Centrum Polityk Publicznych UEK","description":"Centrum Polityk Publicznych (CPP) jest akademickim o\u015brodkiem bada\u0144 podejmuj\u0105cym kluczowe problemy administracji publicznej, gospodarki publicznej oraz zarz\u0105dzania publicznego.","publisher":{"@id":"https:\/\/politykipubliczne.pl\/#organization"},"potentialAction":[{"@type":"SearchAction","target":{"@type":"EntryPoint","urlTemplate":"https:\/\/politykipubliczne.pl\/?s={search_term_string}"},"query-input":{"@type":"PropertyValueSpecification","valueRequired":true,"valueName":"search_term_string"}}],"inLanguage":"en-GB"},{"@type":"Organization","@id":"https:\/\/politykipubliczne.pl\/#organization","name":"Centrum Polityk Publicznych UEK","url":"https:\/\/politykipubliczne.pl\/","logo":{"@type":"ImageObject","inLanguage":"en-GB","@id":"https:\/\/politykipubliczne.pl\/#\/schema\/logo\/image\/","url":"https:\/\/politykipubliczne.pl\/wp-content\/uploads\/2020\/10\/CPP_ikona_2.png","contentUrl":"https:\/\/politykipubliczne.pl\/wp-content\/uploads\/2020\/10\/CPP_ikona_2.png","width":512,"height":512,"caption":"Centrum Polityk Publicznych UEK"},"image":{"@id":"https:\/\/politykipubliczne.pl\/#\/schema\/logo\/image\/"},"sameAs":["https:\/\/www.facebook.com\/CPPUEK","https:\/\/x.com\/cppuek","https:\/\/pl.wikipedia.org\/wiki\/Centrum_Polityk_Publicznych_Uniwersytetu_Ekonomicznego_w_Krakowie_(CPP_UEK)"]},{"@type":"Person","@id":"https:\/\/politykipubliczne.pl\/#\/schema\/person\/dc099c605f0afa50c288eb2fa3e17f03","name":"Izabela Wi\u015bniewska","image":{"@type":"ImageObject","inLanguage":"en-GB","@id":"https:\/\/politykipubliczne.pl\/#\/schema\/person\/image\/","url":"https:\/\/secure.gravatar.com\/avatar\/ab981d6a7d81ecf7c694c19e5b266b4f?s=96&d=mm&r=g","contentUrl":"https:\/\/secure.gravatar.com\/avatar\/ab981d6a7d81ecf7c694c19e5b266b4f?s=96&d=mm&r=g","caption":"Izabela Wi\u015bniewska"},"url":"https:\/\/politykipubliczne.pl\/en\/author\/izawis\/"}]}},"jetpack_featured_media_url":"https:\/\/politykipubliczne.pl\/wp-content\/uploads\/2020\/11\/debata-rektorska-gospodarka_1200x628.png","_links":{"self":[{"href":"https:\/\/politykipubliczne.pl\/en\/wp-json\/wp\/v2\/posts\/604"}],"collection":[{"href":"https:\/\/politykipubliczne.pl\/en\/wp-json\/wp\/v2\/posts"}],"about":[{"href":"https:\/\/politykipubliczne.pl\/en\/wp-json\/wp\/v2\/types\/post"}],"author":[{"embeddable":true,"href":"https:\/\/politykipubliczne.pl\/en\/wp-json\/wp\/v2\/users\/3"}],"replies":[{"embeddable":true,"href":"https:\/\/politykipubliczne.pl\/en\/wp-json\/wp\/v2\/comments?post=604"}],"version-history":[{"count":9,"href":"https:\/\/politykipubliczne.pl\/en\/wp-json\/wp\/v2\/posts\/604\/revisions"}],"predecessor-version":[{"id":773,"href":"https:\/\/politykipubliczne.pl\/en\/wp-json\/wp\/v2\/posts\/604\/revisions\/773"}],"wp:featuredmedia":[{"embeddable":true,"href":"https:\/\/politykipubliczne.pl\/en\/wp-json\/wp\/v2\/media\/605"}],"wp:attachment":[{"href":"https:\/\/politykipubliczne.pl\/en\/wp-json\/wp\/v2\/media?parent=604"}],"wp:term":[{"taxonomy":"category","embeddable":true,"href":"https:\/\/politykipubliczne.pl\/en\/wp-json\/wp\/v2\/categories?post=604"},{"taxonomy":"post_tag","embeddable":true,"href":"https:\/\/politykipubliczne.pl\/en\/wp-json\/wp\/v2\/tags?post=604"}],"curies":[{"name":"wp","href":"https:\/\/api.w.org\/{rel}","templated":true}]}}