{"id":1194,"date":"2021-09-16T15:58:08","date_gmt":"2021-09-16T13:58:08","guid":{"rendered":"https:\/\/politykipubliczne.pl\/?p=1194"},"modified":"2021-09-20T10:34:41","modified_gmt":"2021-09-20T08:34:41","slug":"raport-niewykorzystany-potencjal-zasoby-branzy-it-ict-wybranych-krajow-regionu-sasiedztwa-wschodniego-ue","status":"publish","type":"post","link":"https:\/\/politykipubliczne.pl\/en\/raport-niewykorzystany-potencjal-zasoby-branzy-it-ict-wybranych-krajow-regionu-sasiedztwa-wschodniego-ue\/","title":{"rendered":"RAPORT: Niewykorzystany potencja\u0142. Zasoby bran\u017cy IT\/ICT wybranych kraj\u00f3w regionu s\u0105siedztwa wschodniego UE"},"content":{"rendered":"<p>Prezentujemy najnowszy raport <strong>Centrum Polityk Publicznych UEK<\/strong> pt. \u201e<a href=\"https:\/\/politykipubliczne.pl\/wp-content\/uploads\/2021\/09\/27_Niewykorzystany-potencjal.pdf\">Niewykorzystany potencja\u0142. Zasoby bran\u017cy IT\/ICT wybranych kraj\u00f3w regionu s\u0105siedztwa wschodniego UE<\/a>\u201d.<\/p>\n<p>Autorzy w przygotowanej ekspertyzie skupili si\u0119 na problematyce proces\u00f3w gospodarczych zachodz\u0105cych w krajach Partnerstwa Wschodniego oraz kwestii dyplomacji gospodarczej i promocji technologii, w szczeg\u00f3lno\u015bci informatycznych, w Polsce.<\/p>\n<p>Jak wynika z przeprowadzonych bada\u0144, pa\u0144stwa regionu wschodniego intensywnie rozwijaj\u0105 nowoczesne technologie i modernizuj\u0105 si\u0119, co rzadko jest dostrzegane na Zachodzie.<\/p>\n<p><strong>Przyk\u0142ady?<\/strong><\/p>\n<ul>\n<li><strong>Armenia.<\/strong> Innowacyjne startupy IT w bran\u017cy uczenia maszynowego. Krisp &#8211; 12 specjalist\u00f3w opracowa\u0142o aplikacj\u0119 komputerow\u0105, kt\u00f3ra redukuje ha\u0142as w tle podczas rozm\u00f3w telefonicznych. Produkt Krisp zosta\u0142 uznany za najlepszy produkt audio i wideo 2018 r. przez firm\u0119 ProductHunt.<\/li>\n<li><strong>Gruzja.<\/strong> Sektor ICT odgrywa coraz wi\u0119ksz\u0105 rol\u0119 w gospodarce kraju \u2013 obecnie to ok. 7% PKB. Kraj osi\u0105gn\u0105\u0142 znacz\u0105cy post\u0119p w zwi\u0119kszaniu przyst\u0119pno\u015bci cenowej us\u0142ug ICT przesuwaj\u0105c si\u0119 ze 101. na 15. pozycj\u0119 w rankingu Global Networked Readiness Index.<\/li>\n<li><strong>Ukraina.<\/strong> W ostatnich kilku latach zauwa\u017calny jest wzrost znaczenia sektora ICT w tym kraju. Liderami pod wzgl\u0119dem wielko\u015bci wytwarzanego regionalnego PKB per capita s\u0105 takie o\u015brodki miejskie jak: Kij\u00f3w, Dniepr, Chark\u00f3w i Lw\u00f3w.<\/li>\n<\/ul>\n<p>Eksperci CPP UEK dostrzegaj\u0105 w tym niewykorzystany potencja\u0142 i szans\u0119 zar\u00f3wno dla Polski jak i ca\u0142ej UE. Zwracaj\u0105 uwag\u0119, \u017ce dyplomacja gospodarcza jest w Polsce mylnie rozumiana i traktowana klasycznie jako promocja interes\u00f3w gospodarczych kraju. Tymczasem, ich zdaniem, nale\u017ca\u0142oby skupi\u0107 si\u0119 na wypracowaniu systemowych rozwi\u0105za\u0144 w zakresie powi\u0105zania potencja\u0142u rozwojowego kraju z jego skuteczn\u0105 promocj\u0105.<\/p>\n<p>&nbsp;<\/p>\n<p>Wi\u0119cej o narz\u0119dziach i sposobach promocji technologii informatycznych (IT\/ICT) w naszym <a href=\"https:\/\/politykipubliczne.pl\/wp-content\/uploads\/2021\/09\/27_Niewykorzystany-potencjal.pdf\">raporcie<\/a>.<\/p>\n<p><img loading=\"lazy\" decoding=\"async\" class=\"alignnone size-full wp-image-1197\" src=\"https:\/\/politykipubliczne.pl\/wp-content\/uploads\/2021\/09\/infografika_raport27.png\" alt=\"Raport CPP UEK Niewykorzystany potencja\u0142\" width=\"1600\" height=\"900\" srcset=\"https:\/\/politykipubliczne.pl\/wp-content\/uploads\/2021\/09\/infografika_raport27.png 1600w, https:\/\/politykipubliczne.pl\/wp-content\/uploads\/2021\/09\/infografika_raport27-300x169.png 300w, https:\/\/politykipubliczne.pl\/wp-content\/uploads\/2021\/09\/infografika_raport27-1024x576.png 1024w, https:\/\/politykipubliczne.pl\/wp-content\/uploads\/2021\/09\/infografika_raport27-768x432.png 768w, https:\/\/politykipubliczne.pl\/wp-content\/uploads\/2021\/09\/infografika_raport27-1536x864.png 1536w, https:\/\/politykipubliczne.pl\/wp-content\/uploads\/2021\/09\/infografika_raport27-18x10.png 18w\" sizes=\"(max-width: 1600px) 100vw, 1600px\" \/><\/p>\n<p>&nbsp;<\/p>\n<p style=\"text-align: center;\">***<\/p>\n<p>Zach\u0119camy do zapoznania si\u0119 r\u00f3wnie\u017c z pozosta\u0142ymi raportami <strong>CPP UEK<\/strong>, kt\u00f3re mo\u017cna znale\u017a\u0107 na naszej stronie w zak\u0142adce <a href=\"https:\/\/politykipubliczne.pl\/en\/publikacje\/\">publikacje<\/a>.<\/p>","protected":false},"excerpt":{"rendered":"<p>Prezentujemy najnowszy raport Centrum Polityk Publicznych UEK pt. \u201eNiewykorzystany potencja\u0142. Zasoby bran\u017cy IT\/ICT wybranych kraj\u00f3w regionu s\u0105siedztwa wschodniego UE\u201d. Autorzy w przygotowanej ekspertyzie skupili si\u0119 na problematyce proces\u00f3w gospodarczych zachodz\u0105cych w krajach Partnerstwa Wschodniego oraz kwestii dyplomacji gospodarczej i promocji technologii, w szczeg\u00f3lno\u015bci informatycznych, w Polsce. Jak wynika z przeprowadzonych bada\u0144, pa\u0144stwa regionu wschodniego intensywnie [&hellip;]<\/p>\n","protected":false},"author":3,"featured_media":1196,"comment_status":"open","ping_status":"open","sticky":false,"template":"","format":"standard","meta":{"_acf_changed":false,"_monsterinsights_skip_tracking":false,"_monsterinsights_sitenote_active":false,"_monsterinsights_sitenote_note":"","_monsterinsights_sitenote_category":0,"footnotes":""},"categories":[10],"tags":[141,220,222,81,184,85,221,15,89,219,77,185],"acf":[],"yoast_head":"<!-- This site is optimized with the Yoast SEO plugin v23.5 - https:\/\/yoast.com\/wordpress\/plugins\/seo\/ -->\n<title>RAPORT: Niewykorzystany potencja\u0142. Zasoby bran\u017cy IT\/ICT wybranych kraj\u00f3w regionu s\u0105siedztwa wschodniego UE - Centrum Polityk Publicznych UEK<\/title>\n<meta name=\"description\" content=\"Raport CPP UEK: Niewykorzystany potencja\u0142. Zasoby bran\u017cy IT\/ICT wybranych kraj\u00f3w regionu s\u0105siedztwa wschodniego UE\" \/>\n<meta name=\"robots\" content=\"index, follow, max-snippet:-1, max-image-preview:large, max-video-preview:-1\" \/>\n<link rel=\"canonical\" href=\"https:\/\/politykipubliczne.pl\/en\/raport-niewykorzystany-potencjal-zasoby-branzy-it-ict-wybranych-krajow-regionu-sasiedztwa-wschodniego-ue\/\" \/>\n<meta property=\"og:locale\" content=\"en_GB\" \/>\n<meta property=\"og:type\" content=\"article\" \/>\n<meta property=\"og:title\" content=\"RAPORT: Niewykorzystany potencja\u0142. Zasoby bran\u017cy IT\/ICT wybranych kraj\u00f3w regionu s\u0105siedztwa wschodniego UE - Centrum Polityk Publicznych UEK\" \/>\n<meta property=\"og:description\" content=\"Raport CPP UEK: Niewykorzystany potencja\u0142. Zasoby bran\u017cy IT\/ICT wybranych kraj\u00f3w regionu s\u0105siedztwa wschodniego UE\" \/>\n<meta property=\"og:url\" content=\"https:\/\/politykipubliczne.pl\/en\/raport-niewykorzystany-potencjal-zasoby-branzy-it-ict-wybranych-krajow-regionu-sasiedztwa-wschodniego-ue\/\" \/>\n<meta property=\"og:site_name\" content=\"Centrum Polityk Publicznych UEK\" \/>\n<meta property=\"article:publisher\" content=\"https:\/\/www.facebook.com\/CPPUEK\" \/>\n<meta property=\"article:published_time\" content=\"2021-09-16T13:58:08+00:00\" \/>\n<meta property=\"article:modified_time\" content=\"2021-09-20T08:34:41+00:00\" \/>\n<meta property=\"og:image\" content=\"https:\/\/politykipubliczne.pl\/wp-content\/uploads\/2021\/09\/thisisengineering-raeng-yhCHx8Mc-Kc-unsplash-scaled.jpg\" \/>\n\t<meta property=\"og:image:width\" content=\"2560\" \/>\n\t<meta property=\"og:image:height\" content=\"1707\" \/>\n\t<meta property=\"og:image:type\" content=\"image\/jpeg\" \/>\n<meta name=\"author\" content=\"Izabela Wi\u015bniewska\" \/>\n<meta name=\"twitter:card\" content=\"summary_large_image\" \/>\n<meta name=\"twitter:creator\" content=\"@cppuek\" \/>\n<meta name=\"twitter:site\" content=\"@cppuek\" \/>\n<meta name=\"twitter:label1\" content=\"Written by\" \/>\n\t<meta name=\"twitter:data1\" content=\"Izabela Wi\u015bniewska\" \/>\n\t<meta name=\"twitter:label2\" content=\"Estimated reading time\" \/>\n\t<meta name=\"twitter:data2\" content=\"2 minutes\" \/>\n<script type=\"application\/ld+json\" class=\"yoast-schema-graph\">{\"@context\":\"https:\/\/schema.org\",\"@graph\":[{\"@type\":\"Article\",\"@id\":\"https:\/\/politykipubliczne.pl\/en\/raport-niewykorzystany-potencjal-zasoby-branzy-it-ict-wybranych-krajow-regionu-sasiedztwa-wschodniego-ue\/#article\",\"isPartOf\":{\"@id\":\"https:\/\/politykipubliczne.pl\/en\/raport-niewykorzystany-potencjal-zasoby-branzy-it-ict-wybranych-krajow-regionu-sasiedztwa-wschodniego-ue\/\"},\"author\":{\"name\":\"Izabela Wi\u015bniewska\",\"@id\":\"https:\/\/politykipubliczne.pl\/#\/schema\/person\/dc099c605f0afa50c288eb2fa3e17f03\"},\"headline\":\"RAPORT: Niewykorzystany potencja\u0142. Zasoby bran\u017cy IT\/ICT wybranych kraj\u00f3w regionu s\u0105siedztwa wschodniego UE\",\"datePublished\":\"2021-09-16T13:58:08+00:00\",\"dateModified\":\"2021-09-20T08:34:41+00:00\",\"mainEntityOfPage\":{\"@id\":\"https:\/\/politykipubliczne.pl\/en\/raport-niewykorzystany-potencjal-zasoby-branzy-it-ict-wybranych-krajow-regionu-sasiedztwa-wschodniego-ue\/\"},\"wordCount\":325,\"commentCount\":0,\"publisher\":{\"@id\":\"https:\/\/politykipubliczne.pl\/#organization\"},\"image\":{\"@id\":\"https:\/\/politykipubliczne.pl\/en\/raport-niewykorzystany-potencjal-zasoby-branzy-it-ict-wybranych-krajow-regionu-sasiedztwa-wschodniego-ue\/#primaryimage\"},\"thumbnailUrl\":\"https:\/\/politykipubliczne.pl\/wp-content\/uploads\/2021\/09\/thisisengineering-raeng-yhCHx8Mc-Kc-unsplash-scaled.jpg\",\"keywords\":[\"bia\u0142oruski sektor IT\",\"bran\u017ca IT\/ICT\",\"dyplomacja gospodarcza\",\"IT Poland\",\"IT\/ICT\",\"nowy raport\",\"partnerstwo wschodnie\",\"Raport\",\"raport cpp\",\"sektor ICT\",\"sektor IT\",\"wschodnie s\u0105siedztwo\"],\"articleSection\":[\"Aktualno\u015bci\"],\"inLanguage\":\"en-GB\",\"potentialAction\":[{\"@type\":\"CommentAction\",\"name\":\"Comment\",\"target\":[\"https:\/\/politykipubliczne.pl\/en\/raport-niewykorzystany-potencjal-zasoby-branzy-it-ict-wybranych-krajow-regionu-sasiedztwa-wschodniego-ue\/#respond\"]}]},{\"@type\":\"WebPage\",\"@id\":\"https:\/\/politykipubliczne.pl\/en\/raport-niewykorzystany-potencjal-zasoby-branzy-it-ict-wybranych-krajow-regionu-sasiedztwa-wschodniego-ue\/\",\"url\":\"https:\/\/politykipubliczne.pl\/en\/raport-niewykorzystany-potencjal-zasoby-branzy-it-ict-wybranych-krajow-regionu-sasiedztwa-wschodniego-ue\/\",\"name\":\"RAPORT: Niewykorzystany potencja\u0142. Zasoby bran\u017cy IT\/ICT wybranych kraj\u00f3w regionu s\u0105siedztwa wschodniego UE - Centrum Polityk Publicznych UEK\",\"isPartOf\":{\"@id\":\"https:\/\/politykipubliczne.pl\/#website\"},\"primaryImageOfPage\":{\"@id\":\"https:\/\/politykipubliczne.pl\/en\/raport-niewykorzystany-potencjal-zasoby-branzy-it-ict-wybranych-krajow-regionu-sasiedztwa-wschodniego-ue\/#primaryimage\"},\"image\":{\"@id\":\"https:\/\/politykipubliczne.pl\/en\/raport-niewykorzystany-potencjal-zasoby-branzy-it-ict-wybranych-krajow-regionu-sasiedztwa-wschodniego-ue\/#primaryimage\"},\"thumbnailUrl\":\"https:\/\/politykipubliczne.pl\/wp-content\/uploads\/2021\/09\/thisisengineering-raeng-yhCHx8Mc-Kc-unsplash-scaled.jpg\",\"datePublished\":\"2021-09-16T13:58:08+00:00\",\"dateModified\":\"2021-09-20T08:34:41+00:00\",\"description\":\"Raport CPP UEK: Niewykorzystany potencja\u0142. Zasoby bran\u017cy IT\/ICT wybranych kraj\u00f3w regionu s\u0105siedztwa wschodniego UE\",\"breadcrumb\":{\"@id\":\"https:\/\/politykipubliczne.pl\/en\/raport-niewykorzystany-potencjal-zasoby-branzy-it-ict-wybranych-krajow-regionu-sasiedztwa-wschodniego-ue\/#breadcrumb\"},\"inLanguage\":\"en-GB\",\"potentialAction\":[{\"@type\":\"ReadAction\",\"target\":[\"https:\/\/politykipubliczne.pl\/en\/raport-niewykorzystany-potencjal-zasoby-branzy-it-ict-wybranych-krajow-regionu-sasiedztwa-wschodniego-ue\/\"]}]},{\"@type\":\"ImageObject\",\"inLanguage\":\"en-GB\",\"@id\":\"https:\/\/politykipubliczne.pl\/en\/raport-niewykorzystany-potencjal-zasoby-branzy-it-ict-wybranych-krajow-regionu-sasiedztwa-wschodniego-ue\/#primaryimage\",\"url\":\"https:\/\/politykipubliczne.pl\/wp-content\/uploads\/2021\/09\/thisisengineering-raeng-yhCHx8Mc-Kc-unsplash-scaled.jpg\",\"contentUrl\":\"https:\/\/politykipubliczne.pl\/wp-content\/uploads\/2021\/09\/thisisengineering-raeng-yhCHx8Mc-Kc-unsplash-scaled.jpg\",\"width\":2560,\"height\":1707,\"caption\":\"raport niewykorzystany potencja\u0142\"},{\"@type\":\"BreadcrumbList\",\"@id\":\"https:\/\/politykipubliczne.pl\/en\/raport-niewykorzystany-potencjal-zasoby-branzy-it-ict-wybranych-krajow-regionu-sasiedztwa-wschodniego-ue\/#breadcrumb\",\"itemListElement\":[{\"@type\":\"ListItem\",\"position\":1,\"name\":\"Strona g\u0142\u00f3wna\",\"item\":\"https:\/\/politykipubliczne.pl\/\"},{\"@type\":\"ListItem\",\"position\":2,\"name\":\"RAPORT: Niewykorzystany potencja\u0142. Zasoby bran\u017cy IT\/ICT wybranych kraj\u00f3w regionu s\u0105siedztwa wschodniego UE\"}]},{\"@type\":\"WebSite\",\"@id\":\"https:\/\/politykipubliczne.pl\/#website\",\"url\":\"https:\/\/politykipubliczne.pl\/\",\"name\":\"Centrum Polityk Publicznych UEK\",\"description\":\"Centrum Polityk Publicznych (CPP) jest akademickim o\u015brodkiem bada\u0144 podejmuj\u0105cym kluczowe problemy administracji publicznej, gospodarki publicznej oraz zarz\u0105dzania publicznego.\",\"publisher\":{\"@id\":\"https:\/\/politykipubliczne.pl\/#organization\"},\"potentialAction\":[{\"@type\":\"SearchAction\",\"target\":{\"@type\":\"EntryPoint\",\"urlTemplate\":\"https:\/\/politykipubliczne.pl\/?s={search_term_string}\"},\"query-input\":{\"@type\":\"PropertyValueSpecification\",\"valueRequired\":true,\"valueName\":\"search_term_string\"}}],\"inLanguage\":\"en-GB\"},{\"@type\":\"Organization\",\"@id\":\"https:\/\/politykipubliczne.pl\/#organization\",\"name\":\"Centrum Polityk Publicznych UEK\",\"url\":\"https:\/\/politykipubliczne.pl\/\",\"logo\":{\"@type\":\"ImageObject\",\"inLanguage\":\"en-GB\",\"@id\":\"https:\/\/politykipubliczne.pl\/#\/schema\/logo\/image\/\",\"url\":\"https:\/\/politykipubliczne.pl\/wp-content\/uploads\/2020\/10\/CPP_ikona_2.png\",\"contentUrl\":\"https:\/\/politykipubliczne.pl\/wp-content\/uploads\/2020\/10\/CPP_ikona_2.png\",\"width\":512,\"height\":512,\"caption\":\"Centrum Polityk Publicznych UEK\"},\"image\":{\"@id\":\"https:\/\/politykipubliczne.pl\/#\/schema\/logo\/image\/\"},\"sameAs\":[\"https:\/\/www.facebook.com\/CPPUEK\",\"https:\/\/x.com\/cppuek\",\"https:\/\/pl.wikipedia.org\/wiki\/Centrum_Polityk_Publicznych_Uniwersytetu_Ekonomicznego_w_Krakowie_(CPP_UEK)\"]},{\"@type\":\"Person\",\"@id\":\"https:\/\/politykipubliczne.pl\/#\/schema\/person\/dc099c605f0afa50c288eb2fa3e17f03\",\"name\":\"Izabela Wi\u015bniewska\",\"image\":{\"@type\":\"ImageObject\",\"inLanguage\":\"en-GB\",\"@id\":\"https:\/\/politykipubliczne.pl\/#\/schema\/person\/image\/\",\"url\":\"https:\/\/secure.gravatar.com\/avatar\/ab981d6a7d81ecf7c694c19e5b266b4f?s=96&d=mm&r=g\",\"contentUrl\":\"https:\/\/secure.gravatar.com\/avatar\/ab981d6a7d81ecf7c694c19e5b266b4f?s=96&d=mm&r=g\",\"caption\":\"Izabela Wi\u015bniewska\"},\"url\":\"https:\/\/politykipubliczne.pl\/en\/author\/izawis\/\"}]}<\/script>\n<!-- \/ Yoast SEO plugin. -->","yoast_head_json":{"title":"RAPORT: Niewykorzystany potencja\u0142. Zasoby bran\u017cy IT\/ICT wybranych kraj\u00f3w regionu s\u0105siedztwa wschodniego UE - Centrum Polityk Publicznych UEK","description":"Raport CPP UEK: Niewykorzystany potencja\u0142. Zasoby bran\u017cy IT\/ICT wybranych kraj\u00f3w regionu s\u0105siedztwa wschodniego UE","robots":{"index":"index","follow":"follow","max-snippet":"max-snippet:-1","max-image-preview":"max-image-preview:large","max-video-preview":"max-video-preview:-1"},"canonical":"https:\/\/politykipubliczne.pl\/en\/raport-niewykorzystany-potencjal-zasoby-branzy-it-ict-wybranych-krajow-regionu-sasiedztwa-wschodniego-ue\/","og_locale":"en_GB","og_type":"article","og_title":"RAPORT: Niewykorzystany potencja\u0142. Zasoby bran\u017cy IT\/ICT wybranych kraj\u00f3w regionu s\u0105siedztwa wschodniego UE - Centrum Polityk Publicznych UEK","og_description":"Raport CPP UEK: Niewykorzystany potencja\u0142. Zasoby bran\u017cy IT\/ICT wybranych kraj\u00f3w regionu s\u0105siedztwa wschodniego UE","og_url":"https:\/\/politykipubliczne.pl\/en\/raport-niewykorzystany-potencjal-zasoby-branzy-it-ict-wybranych-krajow-regionu-sasiedztwa-wschodniego-ue\/","og_site_name":"Centrum Polityk Publicznych UEK","article_publisher":"https:\/\/www.facebook.com\/CPPUEK","article_published_time":"2021-09-16T13:58:08+00:00","article_modified_time":"2021-09-20T08:34:41+00:00","og_image":[{"width":2560,"height":1707,"url":"https:\/\/politykipubliczne.pl\/wp-content\/uploads\/2021\/09\/thisisengineering-raeng-yhCHx8Mc-Kc-unsplash-scaled.jpg","type":"image\/jpeg"}],"author":"Izabela Wi\u015bniewska","twitter_card":"summary_large_image","twitter_creator":"@cppuek","twitter_site":"@cppuek","twitter_misc":{"Written by":"Izabela Wi\u015bniewska","Estimated reading time":"2 minutes"},"schema":{"@context":"https:\/\/schema.org","@graph":[{"@type":"Article","@id":"https:\/\/politykipubliczne.pl\/en\/raport-niewykorzystany-potencjal-zasoby-branzy-it-ict-wybranych-krajow-regionu-sasiedztwa-wschodniego-ue\/#article","isPartOf":{"@id":"https:\/\/politykipubliczne.pl\/en\/raport-niewykorzystany-potencjal-zasoby-branzy-it-ict-wybranych-krajow-regionu-sasiedztwa-wschodniego-ue\/"},"author":{"name":"Izabela Wi\u015bniewska","@id":"https:\/\/politykipubliczne.pl\/#\/schema\/person\/dc099c605f0afa50c288eb2fa3e17f03"},"headline":"RAPORT: Niewykorzystany potencja\u0142. Zasoby bran\u017cy IT\/ICT wybranych kraj\u00f3w regionu s\u0105siedztwa wschodniego UE","datePublished":"2021-09-16T13:58:08+00:00","dateModified":"2021-09-20T08:34:41+00:00","mainEntityOfPage":{"@id":"https:\/\/politykipubliczne.pl\/en\/raport-niewykorzystany-potencjal-zasoby-branzy-it-ict-wybranych-krajow-regionu-sasiedztwa-wschodniego-ue\/"},"wordCount":325,"commentCount":0,"publisher":{"@id":"https:\/\/politykipubliczne.pl\/#organization"},"image":{"@id":"https:\/\/politykipubliczne.pl\/en\/raport-niewykorzystany-potencjal-zasoby-branzy-it-ict-wybranych-krajow-regionu-sasiedztwa-wschodniego-ue\/#primaryimage"},"thumbnailUrl":"https:\/\/politykipubliczne.pl\/wp-content\/uploads\/2021\/09\/thisisengineering-raeng-yhCHx8Mc-Kc-unsplash-scaled.jpg","keywords":["bia\u0142oruski sektor IT","bran\u017ca IT\/ICT","dyplomacja gospodarcza","IT Poland","IT\/ICT","nowy raport","partnerstwo wschodnie","Raport","raport cpp","sektor ICT","sektor IT","wschodnie s\u0105siedztwo"],"articleSection":["Aktualno\u015bci"],"inLanguage":"en-GB","potentialAction":[{"@type":"CommentAction","name":"Comment","target":["https:\/\/politykipubliczne.pl\/en\/raport-niewykorzystany-potencjal-zasoby-branzy-it-ict-wybranych-krajow-regionu-sasiedztwa-wschodniego-ue\/#respond"]}]},{"@type":"WebPage","@id":"https:\/\/politykipubliczne.pl\/en\/raport-niewykorzystany-potencjal-zasoby-branzy-it-ict-wybranych-krajow-regionu-sasiedztwa-wschodniego-ue\/","url":"https:\/\/politykipubliczne.pl\/en\/raport-niewykorzystany-potencjal-zasoby-branzy-it-ict-wybranych-krajow-regionu-sasiedztwa-wschodniego-ue\/","name":"RAPORT: Niewykorzystany potencja\u0142. Zasoby bran\u017cy IT\/ICT wybranych kraj\u00f3w regionu s\u0105siedztwa wschodniego UE - Centrum Polityk Publicznych UEK","isPartOf":{"@id":"https:\/\/politykipubliczne.pl\/#website"},"primaryImageOfPage":{"@id":"https:\/\/politykipubliczne.pl\/en\/raport-niewykorzystany-potencjal-zasoby-branzy-it-ict-wybranych-krajow-regionu-sasiedztwa-wschodniego-ue\/#primaryimage"},"image":{"@id":"https:\/\/politykipubliczne.pl\/en\/raport-niewykorzystany-potencjal-zasoby-branzy-it-ict-wybranych-krajow-regionu-sasiedztwa-wschodniego-ue\/#primaryimage"},"thumbnailUrl":"https:\/\/politykipubliczne.pl\/wp-content\/uploads\/2021\/09\/thisisengineering-raeng-yhCHx8Mc-Kc-unsplash-scaled.jpg","datePublished":"2021-09-16T13:58:08+00:00","dateModified":"2021-09-20T08:34:41+00:00","description":"Raport CPP UEK: Niewykorzystany potencja\u0142. Zasoby bran\u017cy IT\/ICT wybranych kraj\u00f3w regionu s\u0105siedztwa wschodniego UE","breadcrumb":{"@id":"https:\/\/politykipubliczne.pl\/en\/raport-niewykorzystany-potencjal-zasoby-branzy-it-ict-wybranych-krajow-regionu-sasiedztwa-wschodniego-ue\/#breadcrumb"},"inLanguage":"en-GB","potentialAction":[{"@type":"ReadAction","target":["https:\/\/politykipubliczne.pl\/en\/raport-niewykorzystany-potencjal-zasoby-branzy-it-ict-wybranych-krajow-regionu-sasiedztwa-wschodniego-ue\/"]}]},{"@type":"ImageObject","inLanguage":"en-GB","@id":"https:\/\/politykipubliczne.pl\/en\/raport-niewykorzystany-potencjal-zasoby-branzy-it-ict-wybranych-krajow-regionu-sasiedztwa-wschodniego-ue\/#primaryimage","url":"https:\/\/politykipubliczne.pl\/wp-content\/uploads\/2021\/09\/thisisengineering-raeng-yhCHx8Mc-Kc-unsplash-scaled.jpg","contentUrl":"https:\/\/politykipubliczne.pl\/wp-content\/uploads\/2021\/09\/thisisengineering-raeng-yhCHx8Mc-Kc-unsplash-scaled.jpg","width":2560,"height":1707,"caption":"raport niewykorzystany potencja\u0142"},{"@type":"BreadcrumbList","@id":"https:\/\/politykipubliczne.pl\/en\/raport-niewykorzystany-potencjal-zasoby-branzy-it-ict-wybranych-krajow-regionu-sasiedztwa-wschodniego-ue\/#breadcrumb","itemListElement":[{"@type":"ListItem","position":1,"name":"Strona g\u0142\u00f3wna","item":"https:\/\/politykipubliczne.pl\/"},{"@type":"ListItem","position":2,"name":"RAPORT: Niewykorzystany potencja\u0142. Zasoby bran\u017cy IT\/ICT wybranych kraj\u00f3w regionu s\u0105siedztwa wschodniego UE"}]},{"@type":"WebSite","@id":"https:\/\/politykipubliczne.pl\/#website","url":"https:\/\/politykipubliczne.pl\/","name":"Centrum Polityk Publicznych UEK","description":"Centrum Polityk Publicznych (CPP) jest akademickim o\u015brodkiem bada\u0144 podejmuj\u0105cym kluczowe problemy administracji publicznej, gospodarki publicznej oraz zarz\u0105dzania publicznego.","publisher":{"@id":"https:\/\/politykipubliczne.pl\/#organization"},"potentialAction":[{"@type":"SearchAction","target":{"@type":"EntryPoint","urlTemplate":"https:\/\/politykipubliczne.pl\/?s={search_term_string}"},"query-input":{"@type":"PropertyValueSpecification","valueRequired":true,"valueName":"search_term_string"}}],"inLanguage":"en-GB"},{"@type":"Organization","@id":"https:\/\/politykipubliczne.pl\/#organization","name":"Centrum Polityk Publicznych UEK","url":"https:\/\/politykipubliczne.pl\/","logo":{"@type":"ImageObject","inLanguage":"en-GB","@id":"https:\/\/politykipubliczne.pl\/#\/schema\/logo\/image\/","url":"https:\/\/politykipubliczne.pl\/wp-content\/uploads\/2020\/10\/CPP_ikona_2.png","contentUrl":"https:\/\/politykipubliczne.pl\/wp-content\/uploads\/2020\/10\/CPP_ikona_2.png","width":512,"height":512,"caption":"Centrum Polityk Publicznych UEK"},"image":{"@id":"https:\/\/politykipubliczne.pl\/#\/schema\/logo\/image\/"},"sameAs":["https:\/\/www.facebook.com\/CPPUEK","https:\/\/x.com\/cppuek","https:\/\/pl.wikipedia.org\/wiki\/Centrum_Polityk_Publicznych_Uniwersytetu_Ekonomicznego_w_Krakowie_(CPP_UEK)"]},{"@type":"Person","@id":"https:\/\/politykipubliczne.pl\/#\/schema\/person\/dc099c605f0afa50c288eb2fa3e17f03","name":"Izabela Wi\u015bniewska","image":{"@type":"ImageObject","inLanguage":"en-GB","@id":"https:\/\/politykipubliczne.pl\/#\/schema\/person\/image\/","url":"https:\/\/secure.gravatar.com\/avatar\/ab981d6a7d81ecf7c694c19e5b266b4f?s=96&d=mm&r=g","contentUrl":"https:\/\/secure.gravatar.com\/avatar\/ab981d6a7d81ecf7c694c19e5b266b4f?s=96&d=mm&r=g","caption":"Izabela Wi\u015bniewska"},"url":"https:\/\/politykipubliczne.pl\/en\/author\/izawis\/"}]}},"jetpack_featured_media_url":"https:\/\/politykipubliczne.pl\/wp-content\/uploads\/2021\/09\/thisisengineering-raeng-yhCHx8Mc-Kc-unsplash-scaled.jpg","_links":{"self":[{"href":"https:\/\/politykipubliczne.pl\/en\/wp-json\/wp\/v2\/posts\/1194"}],"collection":[{"href":"https:\/\/politykipubliczne.pl\/en\/wp-json\/wp\/v2\/posts"}],"about":[{"href":"https:\/\/politykipubliczne.pl\/en\/wp-json\/wp\/v2\/types\/post"}],"author":[{"embeddable":true,"href":"https:\/\/politykipubliczne.pl\/en\/wp-json\/wp\/v2\/users\/3"}],"replies":[{"embeddable":true,"href":"https:\/\/politykipubliczne.pl\/en\/wp-json\/wp\/v2\/comments?post=1194"}],"version-history":[{"count":8,"href":"https:\/\/politykipubliczne.pl\/en\/wp-json\/wp\/v2\/posts\/1194\/revisions"}],"predecessor-version":[{"id":1209,"href":"https:\/\/politykipubliczne.pl\/en\/wp-json\/wp\/v2\/posts\/1194\/revisions\/1209"}],"wp:featuredmedia":[{"embeddable":true,"href":"https:\/\/politykipubliczne.pl\/en\/wp-json\/wp\/v2\/media\/1196"}],"wp:attachment":[{"href":"https:\/\/politykipubliczne.pl\/en\/wp-json\/wp\/v2\/media?parent=1194"}],"wp:term":[{"taxonomy":"category","embeddable":true,"href":"https:\/\/politykipubliczne.pl\/en\/wp-json\/wp\/v2\/categories?post=1194"},{"taxonomy":"post_tag","embeddable":true,"href":"https:\/\/politykipubliczne.pl\/en\/wp-json\/wp\/v2\/tags?post=1194"}],"curies":[{"name":"wp","href":"https:\/\/api.w.org\/{rel}","templated":true}]}}